{"id":9960,"date":"2023-05-30T09:23:21","date_gmt":"2023-05-30T07:23:21","guid":{"rendered":"https:\/\/www.afaprogres.cat\/web\/?p=9960"},"modified":"2023-05-30T09:23:21","modified_gmt":"2023-05-30T07:23:21","slug":"el-cas-den-roger","status":"publish","type":"post","link":"https:\/\/www.afaprogres.cat\/web\/el-cas-den-roger\/","title":{"rendered":"El cas d&#8217;en Roger"},"content":{"rendered":"<p>Us deixem el testimoni de la Meritxell i en Jaume, els pares d&#8217;un nen d&#8217;I3, perqu\u00e8 conegueu el seu cas.<\/p>\n<p>\u00abEl meu marit i jo sempre diem que ser pares d&#8217;un nen autista \u00e9s el m\u00e9s semblant a viure en una muntanya russa. Celebrem els petits aven\u00e7os com a grans triomfs perqu\u00e8 el Roger \u00e9s un lluitador nat, i amb l&#8217;ajuda de casa, de la llar d&#8217;infants, ara de l&#8217;escola, del CDIAP i de les ter\u00e0pies privades estem aconseguint coses que ens semblaven impossibles dos anys enrere. Les males not\u00edcies, per\u00f2, se&#8217;ns claven com estaques. La darrera ha estat saber que l&#8217;Ajuntament de Badalona reculava en el seu comprom\u00eds d&#8217;oferir vetlladores per al Casal d&#8217;estiu de la NOSTRA escola: l&#8217;Escola Progr\u00e9s de Badalona.<\/p>\n<p>El Roger est\u00e0 cursant I3 amb tots els suports que requereix el seu diagn\u00f2stic i estem encantats amb tots els professionals que treballen amb i per ell. S&#8217;ha adaptat molt b\u00e9 a l&#8217;escola, interactua cada vegada m\u00e9s amb els companys, hi va content, ha fet molts aven\u00e7os i \u00e9s molt estimat pels seus companys i companyes. Per qu\u00e8 no pot gaudir amb ells al Casal? No m&#8217;entra al cap que l&#8217;Ajuntament ara digui que no disposa dels recursos econ\u00f2mics necessaris per les vetlladores quan fa tres mesos va dir el contrari. Sra. Llaurad\u00f3, les promeses estan per complir-les. No hi ha infants de primera i de segona. El meu fill t\u00e9 els mateixos drets que la resta de nens i nenes i t\u00e9 tot el dret a assistir al casal de la SEVA escola amb els SEUS companys i amb els suports que calguin.<\/p>\n<p>Nom\u00e9s demanem RESPECTE, EMPATIA, COMPRENSI\u00d3 i INCLUSI\u00d3 REAL tant a l&#8217;escola com en el lleure. Esperem que tingueu en compte la nostra petici\u00f3 i que aquest fet no es repeteixi en anys posteriors perqu\u00e8, com a pares, ens fa mal i ens esgota haver d&#8217;estar lluitant cont\u00ednuament pels drets del nostre fill.\u00bb<\/p>\n","protected":false},"excerpt":{"rendered":"<p>Us deixem el testimoni de la Meritxell i en Jaume, els pares d&#8217;un nen d&#8217;I3, perqu\u00e8 conegueu el seu cas. \u00abEl meu marit i jo sempre diem que ser pares d&#8217;un nen autista \u00e9s el m\u00e9s semblant a viure en&#8230;<\/p>\n","protected":false},"author":14,"featured_media":9962,"comment_status":"open","ping_status":"closed","sticky":false,"template":"","format":"standard","meta":{"footnotes":""},"categories":[4,111,6,132,13],"tags":[],"class_list":["post-9960","post","type-post","status-publish","format-standard","has-post-thumbnail","hentry","category-afa","category-casals","category-families","category-inclusio","category-noticies"],"post_mailing_queue_ids":[],"_links":{"self":[{"href":"https:\/\/www.afaprogres.cat\/web\/wp-json\/wp\/v2\/posts\/9960","targetHints":{"allow":["GET"]}}],"collection":[{"href":"https:\/\/www.afaprogres.cat\/web\/wp-json\/wp\/v2\/posts"}],"about":[{"href":"https:\/\/www.afaprogres.cat\/web\/wp-json\/wp\/v2\/types\/post"}],"author":[{"embeddable":true,"href":"https:\/\/www.afaprogres.cat\/web\/wp-json\/wp\/v2\/users\/14"}],"replies":[{"embeddable":true,"href":"https:\/\/www.afaprogres.cat\/web\/wp-json\/wp\/v2\/comments?post=9960"}],"version-history":[{"count":1,"href":"https:\/\/www.afaprogres.cat\/web\/wp-json\/wp\/v2\/posts\/9960\/revisions"}],"predecessor-version":[{"id":9963,"href":"https:\/\/www.afaprogres.cat\/web\/wp-json\/wp\/v2\/posts\/9960\/revisions\/9963"}],"wp:featuredmedia":[{"embeddable":true,"href":"https:\/\/www.afaprogres.cat\/web\/wp-json\/wp\/v2\/media\/9962"}],"wp:attachment":[{"href":"https:\/\/www.afaprogres.cat\/web\/wp-json\/wp\/v2\/media?parent=9960"}],"wp:term":[{"taxonomy":"category","embeddable":true,"href":"https:\/\/www.afaprogres.cat\/web\/wp-json\/wp\/v2\/categories?post=9960"},{"taxonomy":"post_tag","embeddable":true,"href":"https:\/\/www.afaprogres.cat\/web\/wp-json\/wp\/v2\/tags?post=9960"}],"curies":[{"name":"wp","href":"https:\/\/api.w.org\/{rel}","templated":true}]}}