{"id":9810,"date":"2022-12-14T11:05:50","date_gmt":"2022-12-14T10:05:50","guid":{"rendered":"https:\/\/www.afaprogres.cat\/web\/?p=9810"},"modified":"2022-12-14T11:05:50","modified_gmt":"2022-12-14T10:05:50","slug":"resum-de-la-reunio-de-la-junta-de-lafa-10-11-22","status":"publish","type":"post","link":"https:\/\/www.afaprogres.cat\/web\/resum-de-la-reunio-de-la-junta-de-lafa-10-11-22\/","title":{"rendered":"Resum de la reuni\u00f3 de la Junta de l&#8217;AFA (10\/11\/22)"},"content":{"rendered":"<p><strong>1) Ordre del dia de l&#8217;Assemblea general.<\/strong> Es fixa la data de l&#8217;Assemblea per al 24 de novembre, per presentar i aprovar la mem\u00f2ria d&#8217;activitats de l&#8217;AFA del curs 2021-22, una partida d&#8217;inversions a l&#8217;escola i el pressupost de l&#8217;AFA del 2022-23.<\/p>\n<p><strong>2) Casal de Nadal<\/strong>, col\u00f2nies de Setmana Santa i Casal d&#8217;Estiu. Susana Ramoneda, vocal de Casals de l&#8217;AFA,\u00a0explica el format i contingut del Casal de Nadal, en qu\u00e8 els alumnes es podran apuntar per dies solts o per setmanes.\u00a0Per Setmana Santa la proposta per a infantil \u00e9s un casal amb el mateix format que el de Nadal i per a prim\u00e0ria la proposta seria fer unes col\u00f2nies en una casa o alberg de muntanya.\u00a0El Casal d\u2019Estiu tindr\u00e0 una tem\u00e0tica basada en els oceans i els pirates.<\/p>\n<p><strong>3) Vitrines.<\/strong> S&#8217;acorda\u00a0arreglar les vitrines, fer neteja i arreglar el pany de la vitrina d\u2019infantil.<\/p>\n<p><strong>4) Normes de conviv\u00e8ncia durant les festes de l&#8217;AFA.<\/strong>\u00a0S\u2019especificar\u00e0 que no es pot jugar a pilota i es concretar\u00e0 que les festes es comen\u00e7aran a muntar a les 15 h.<\/p>\n<p><strong>5) Seguiment de les vocalies.<\/strong>\u00a0Aida Garcia, vocal d&#8217;Extraescolars, demana fer inversi\u00f3 en material per a les extraescolars i explica que des de la vocalia de Fam\u00edlies estan pensant en organitzar una xocolatada solid\u00e0ria per a La Marat\u00f3 i demanar col\u00b7laboraci\u00f3 a les fam\u00edlies perqu\u00e8 portin menjar fet a casa per vendre, i es faria durant la festa d\u2019extraescolars del divendres 16 de desembre.<\/p>\n","protected":false},"excerpt":{"rendered":"<p>1) Ordre del dia de l&#8217;Assemblea general. Es fixa la data de l&#8217;Assemblea per al 24 de novembre, per presentar i aprovar la mem\u00f2ria d&#8217;activitats de l&#8217;AFA del curs 2021-22, una partida d&#8217;inversions a l&#8217;escola i el pressupost de l&#8217;AFA&#8230;<\/p>\n","protected":false},"author":9,"featured_media":7260,"comment_status":"open","ping_status":"closed","sticky":false,"template":"","format":"standard","meta":{"footnotes":""},"categories":[96],"tags":[],"class_list":["post-9810","post","type-post","status-publish","format-standard","has-post-thumbnail","hentry","category-resum-juntes"],"post_mailing_queue_ids":[],"_links":{"self":[{"href":"https:\/\/www.afaprogres.cat\/web\/wp-json\/wp\/v2\/posts\/9810","targetHints":{"allow":["GET"]}}],"collection":[{"href":"https:\/\/www.afaprogres.cat\/web\/wp-json\/wp\/v2\/posts"}],"about":[{"href":"https:\/\/www.afaprogres.cat\/web\/wp-json\/wp\/v2\/types\/post"}],"author":[{"embeddable":true,"href":"https:\/\/www.afaprogres.cat\/web\/wp-json\/wp\/v2\/users\/9"}],"replies":[{"embeddable":true,"href":"https:\/\/www.afaprogres.cat\/web\/wp-json\/wp\/v2\/comments?post=9810"}],"version-history":[{"count":1,"href":"https:\/\/www.afaprogres.cat\/web\/wp-json\/wp\/v2\/posts\/9810\/revisions"}],"predecessor-version":[{"id":9811,"href":"https:\/\/www.afaprogres.cat\/web\/wp-json\/wp\/v2\/posts\/9810\/revisions\/9811"}],"wp:featuredmedia":[{"embeddable":true,"href":"https:\/\/www.afaprogres.cat\/web\/wp-json\/wp\/v2\/media\/7260"}],"wp:attachment":[{"href":"https:\/\/www.afaprogres.cat\/web\/wp-json\/wp\/v2\/media?parent=9810"}],"wp:term":[{"taxonomy":"category","embeddable":true,"href":"https:\/\/www.afaprogres.cat\/web\/wp-json\/wp\/v2\/categories?post=9810"},{"taxonomy":"post_tag","embeddable":true,"href":"https:\/\/www.afaprogres.cat\/web\/wp-json\/wp\/v2\/tags?post=9810"}],"curies":[{"name":"wp","href":"https:\/\/api.w.org\/{rel}","templated":true}]}}