{"id":9802,"date":"2022-11-15T10:46:45","date_gmt":"2022-11-15T09:46:45","guid":{"rendered":"https:\/\/www.afaprogres.cat\/web\/?p=9802"},"modified":"2022-11-15T10:46:45","modified_gmt":"2022-11-15T09:46:45","slug":"ja-ho-tenim-tot-a-punt-per-al-casal-de-nadal","status":"publish","type":"post","link":"https:\/\/www.afaprogres.cat\/web\/ja-ho-tenim-tot-a-punt-per-al-casal-de-nadal\/","title":{"rendered":"Ja ho tenim tot a punt per al Casal de Nadal!"},"content":{"rendered":"<p>S&#8217;acosta Nadal i cal organitzar-se! Des de la Vocalia de Casals hem muntat, juntament amb Diverjoc, un casal ple d&#8217;activitats diverses, jocs i tallers pensats perqu\u00e8 tots els nens i nenes s&#8217;ho passin s\u00faper b\u00e9. Hi ha gimcanes divertides, tornejos esportius i d&#8217;escacs, una festa amb balls tradicionals i castellers, tallers de cuina i de treballs manuals, creaci\u00f3 de fanalets&#8230;<\/p>\n<p>El Casal es far\u00e0 els dies 22, 23, 27, 28, 29 i 30 de desembre, i del 2 al 5 de gener. Cada dia val 14 \u20ac, i l&#8217;horari \u00e9s de 9 a 13 h. Tamb\u00e9 hi haur\u00e0 servei d&#8217;acollida, de 8 a 9 h, gratu\u00eft!!<\/p>\n<p>Les inscripcions s\u00f3n del 21 de novembre al 9 de desembre, i caldr\u00e0 un m\u00ednim de 20 inscrits cada dia perqu\u00e8 es faci el Casal diari.<\/p>\n<p>En <a href=\"https:\/\/www.afaprogres.cat\/web\/wp-content\/uploads\/casal-hivern-22-23.pdf\">aquest document<\/a> teniu tota la informaci\u00f3 de les activitats que es faran cada dia i de com fer les inscripcions.<\/p>\n","protected":false},"excerpt":{"rendered":"<p>S&#8217;acosta Nadal i cal organitzar-se! Des de la Vocalia de Casals hem muntat, juntament amb Diverjoc, un casal ple d&#8217;activitats diverses, jocs i tallers pensats perqu\u00e8 tots els nens i nenes s&#8217;ho passin s\u00faper b\u00e9. Hi ha gimcanes divertides, tornejos&#8230;<\/p>\n","protected":false},"author":9,"featured_media":9803,"comment_status":"open","ping_status":"closed","sticky":false,"template":"","format":"standard","meta":{"footnotes":""},"categories":[111,13],"tags":[],"class_list":["post-9802","post","type-post","status-publish","format-standard","has-post-thumbnail","hentry","category-casals","category-noticies"],"post_mailing_queue_ids":[],"_links":{"self":[{"href":"https:\/\/www.afaprogres.cat\/web\/wp-json\/wp\/v2\/posts\/9802","targetHints":{"allow":["GET"]}}],"collection":[{"href":"https:\/\/www.afaprogres.cat\/web\/wp-json\/wp\/v2\/posts"}],"about":[{"href":"https:\/\/www.afaprogres.cat\/web\/wp-json\/wp\/v2\/types\/post"}],"author":[{"embeddable":true,"href":"https:\/\/www.afaprogres.cat\/web\/wp-json\/wp\/v2\/users\/9"}],"replies":[{"embeddable":true,"href":"https:\/\/www.afaprogres.cat\/web\/wp-json\/wp\/v2\/comments?post=9802"}],"version-history":[{"count":1,"href":"https:\/\/www.afaprogres.cat\/web\/wp-json\/wp\/v2\/posts\/9802\/revisions"}],"predecessor-version":[{"id":9805,"href":"https:\/\/www.afaprogres.cat\/web\/wp-json\/wp\/v2\/posts\/9802\/revisions\/9805"}],"wp:featuredmedia":[{"embeddable":true,"href":"https:\/\/www.afaprogres.cat\/web\/wp-json\/wp\/v2\/media\/9803"}],"wp:attachment":[{"href":"https:\/\/www.afaprogres.cat\/web\/wp-json\/wp\/v2\/media?parent=9802"}],"wp:term":[{"taxonomy":"category","embeddable":true,"href":"https:\/\/www.afaprogres.cat\/web\/wp-json\/wp\/v2\/categories?post=9802"},{"taxonomy":"post_tag","embeddable":true,"href":"https:\/\/www.afaprogres.cat\/web\/wp-json\/wp\/v2\/tags?post=9802"}],"curies":[{"name":"wp","href":"https:\/\/api.w.org\/{rel}","templated":true}]}}