{"id":9782,"date":"2022-09-29T16:51:11","date_gmt":"2022-09-29T14:51:11","guid":{"rendered":"https:\/\/www.afaprogres.cat\/web\/?p=9782"},"modified":"2022-09-29T16:56:40","modified_gmt":"2022-09-29T14:56:40","slug":"resum-de-la-reunio-de-la-junta-de-lafa-9-9-22","status":"publish","type":"post","link":"https:\/\/www.afaprogres.cat\/web\/resum-de-la-reunio-de-la-junta-de-lafa-9-9-22\/","title":{"rendered":"Resum de la reuni\u00f3 de la Junta de l&#8217;AFA (9\/9\/22)"},"content":{"rendered":"<p style=\"padding-left: 40px;\"><strong>1) Proposta de calendari de reunions, assemblees i festes de l&#8217;AFA de tot el curs 2022-23. <\/strong>S&#8217;acorda fer les reunions de la junta el segon divendres de cada mes, a les 16.30 h, al menjador de l\u2019escola. La data de la primera Assemblea ser\u00e0 el divendres 25 de novembre de 2022. I es fixen les dates de les festes: benvinguda de les fam\u00edlies de P3. 7 d\u2019octubre de 2022; Castanyada: 21 d\u2019octubre de 2022; exhibici\u00f3 de patinatge: 16 de desembre de 2022 (pendent de confirmar amb Diverjoc); Carnestoltes: 17 de febrer de 2023; festa d\u2019esxtraescolars: 26 i 27 de maig de 2023, i festa de final de curs: 22 de juny de 2023.<\/p>\n<p style=\"padding-left: 40px;\"><strong>2) Preparaci\u00f3 de la benvinguda a les fam\u00edlies de P3.<\/strong> S&#8217;encarregar\u00e0 la xocolatada a \u00c0mbit Escola i es faran algunes activitats perqu\u00e8 les fam\u00edlies es puguin con\u00e8ixer.<\/p>\n<p style=\"padding-left: 40px;\"><strong>3) Seguiment de les vocalies. <\/strong>L\u2019Aida Garcia, vocal d&#8217;Extraescolars, explica la problem\u00e0tica amb l\u2019extraescolar de f\u00fatbol pel gran nombre d&#8217;inscrits, i es buscar\u00e0 una soluci\u00f3 perqu\u00e8 tots els nens puguin jugar els mateixos minuts en els partits. L\u2019Elisenda Bofill, presidenta de l&#8217;AFA, explica que s&#8217;oferir\u00e0 l&#8217;activitat de piscina com a extraescolars, per\u00f2 les sense que funcionin les dutxes. La Susana Ramoneda, vocal de Casals, explica que com els darrers casals de Setmana Santa i Nadal no estan tenint el nombre m\u00ednim d\u2019inscripcions, aquest any no passar\u00e0 cap proposta de casa, per\u00f2 com a alternativa vol fer dues propostes: per Nadal, una sortida de col\u00f2nies de neu per anar a esquiar de 2 -3 dies, i per Setmana Santa, una sortida de col\u00f2nies esportives de 2-3 dies. La Mireia Marb\u00e0, vocal de Gegants, explica que l\u2019escola Maristes est\u00e0 organitzant una trobada de gegants a nivell de Catalunya i que hi participarem. La data est\u00e0 per confirmar, per\u00f2 ser\u00e0 pel mes de maig. L&#8217;Eva Ferrer, vocal de Fam\u00edlies, explica que volen fer una proposta per muntar un club de lectura i recuperar l\u2019hora del conte un cop al mes, explicat per algun voluntari\/a. La Laura Guirao explica que la quota del llibre verd es far\u00e0 servir per als llibres de l\u2019aula.<\/p>\n<p style=\"padding-left: 40px;\"><strong>4) Torn obert de paraula.<\/strong> Es comenta que hi ha una mare de l\u2019escola que vol crear un compte a google per fer economia circular amb les fam\u00edlies de l\u2019escola i fomentar l&#8217;intercanvi de roba i objectes.<\/p>\n","protected":false},"excerpt":{"rendered":"<p>1) Proposta de calendari de reunions, assemblees i festes de l&#8217;AFA de tot el curs 2022-23. S&#8217;acorda fer les reunions de la junta el segon divendres de cada mes, a les 16.30 h, al menjador de l\u2019escola. La data de&#8230;<\/p>\n","protected":false},"author":9,"featured_media":9788,"comment_status":"open","ping_status":"closed","sticky":false,"template":"","format":"standard","meta":{"footnotes":""},"categories":[96],"tags":[],"class_list":["post-9782","post","type-post","status-publish","format-standard","has-post-thumbnail","hentry","category-resum-juntes"],"post_mailing_queue_ids":[],"_links":{"self":[{"href":"https:\/\/www.afaprogres.cat\/web\/wp-json\/wp\/v2\/posts\/9782","targetHints":{"allow":["GET"]}}],"collection":[{"href":"https:\/\/www.afaprogres.cat\/web\/wp-json\/wp\/v2\/posts"}],"about":[{"href":"https:\/\/www.afaprogres.cat\/web\/wp-json\/wp\/v2\/types\/post"}],"author":[{"embeddable":true,"href":"https:\/\/www.afaprogres.cat\/web\/wp-json\/wp\/v2\/users\/9"}],"replies":[{"embeddable":true,"href":"https:\/\/www.afaprogres.cat\/web\/wp-json\/wp\/v2\/comments?post=9782"}],"version-history":[{"count":6,"href":"https:\/\/www.afaprogres.cat\/web\/wp-json\/wp\/v2\/posts\/9782\/revisions"}],"predecessor-version":[{"id":9789,"href":"https:\/\/www.afaprogres.cat\/web\/wp-json\/wp\/v2\/posts\/9782\/revisions\/9789"}],"wp:featuredmedia":[{"embeddable":true,"href":"https:\/\/www.afaprogres.cat\/web\/wp-json\/wp\/v2\/media\/9788"}],"wp:attachment":[{"href":"https:\/\/www.afaprogres.cat\/web\/wp-json\/wp\/v2\/media?parent=9782"}],"wp:term":[{"taxonomy":"category","embeddable":true,"href":"https:\/\/www.afaprogres.cat\/web\/wp-json\/wp\/v2\/categories?post=9782"},{"taxonomy":"post_tag","embeddable":true,"href":"https:\/\/www.afaprogres.cat\/web\/wp-json\/wp\/v2\/tags?post=9782"}],"curies":[{"name":"wp","href":"https:\/\/api.w.org\/{rel}","templated":true}]}}