{"id":977,"date":"2009-12-31T06:49:26","date_gmt":"2009-12-31T06:49:26","guid":{"rendered":"http:\/\/ampaprogres.topcommerce.es\/?p=977"},"modified":"2025-03-15T00:17:58","modified_gmt":"2025-03-14T23:17:58","slug":"primera-reunio-de-colla","status":"publish","type":"post","link":"https:\/\/www.afaprogres.cat\/web\/primera-reunio-de-colla\/","title":{"rendered":"Primera reuni\u00f3 de colla"},"content":{"rendered":"<p>El 14 de desembre ens hem reunit per primer cop aquest curs i ja com a colla oficial de l&#8217;AMPA les persones interessades -i que hi v\u00e0rem poder ser- en comen\u00e7ar a treballar i donar llum als continguts que s\u00f3n necess\u00e0ris per fer realitat la nostra colla.<br \/>\n<img loading=\"lazy\" decoding=\"async\" class=\"wp-image-9580 size-medium alignright\" src=\"https:\/\/www.afaprogres.cat\/web\/wp-content\/uploads\/gegants01-221x300.jpeg\" alt=\"\" width=\"221\" height=\"300\" srcset=\"https:\/\/www.afaprogres.cat\/web\/wp-content\/uploads\/gegants01-221x300.jpeg 221w, https:\/\/www.afaprogres.cat\/web\/wp-content\/uploads\/gegants01-755x1024.jpeg 755w, https:\/\/www.afaprogres.cat\/web\/wp-content\/uploads\/gegants01-768x1042.jpeg 768w, https:\/\/www.afaprogres.cat\/web\/wp-content\/uploads\/gegants01.jpeg 1458w\" sizes=\"auto, (max-width: 221px) 100vw, 221px\" \/><\/p>\n<p>Erem en Quim Bonet, l&#8217;Oscar, en Joan Mart\u00ednez i jo. I els temes tractats van ser:<\/p>\n<p>1. Com a colla de gegants formem part d&#8217;un grup m\u00e9s gran que s&#8217;ha vingut a anomenar COLLES D&#8217;ANIMACI\u00d3 de l&#8217;escola, que a m\u00e9s inclou el grup de timbalers -dirigit per en Pepus i que actualment est\u00e0 treballant amb la colla de gegants del Ventosmir i la colla de la Jungfrau- i el drac.<\/p>\n<p>Per tant, les actuacions a preveure s&#8217;han de coordinar no nom\u00e9s entre aquests tres elements comparsers, sin\u00f3 que cal pensar en assaigs col\u00b7lectius, en les sortides i en anar fent pinya i convidant-hi a gent per tal que es pugui realment sortir al carrer.<\/p>\n<p>2. A m\u00e9s de comptar amb el pressupost d&#8217;inversi\u00f3 de l&#8217;AMPA per aquest curs (1.500 euros) cal demanar ajuts oficials per tal que la colla pugui produir les figures sense les quals no t\u00e9 sentit d&#8217;existir, a m\u00e9s de tots els elements identificatius que li han de ser propis.<\/p>\n<p>3. El calendari projectat per aquest curs inclou la tria de constructor i la construcci\u00f3 d&#8217;una gegantona que representi l&#8217;escola.<\/p>\n<p>Si el pressupost i les ganes ho permeten, la creaci\u00f3 a m\u00e9s d&#8217;un parell de peixos que a manera de cavallets o dracolins puguin vestir els m\u00e9s petits i que acompanyin la gegantona en les passejades i els balls.<\/p>\n<p>La creaci\u00f3 d&#8217;un ball amb la seva corresponent m\u00fasica i coreografia.<\/p>\n<p>La presentaci\u00f3 a l&#8217;escola durant la festa de Sant Jordi de l&#8217;AMPA (per a la qual hi ha proposat de fer participar els nens amb la tria del nom, etc.) i la presentaci\u00f3 a la ciutat durant les Festes de Maig.<\/p>\n<p>4. Que el fet que aquest curs l&#8217;escola estigui d&#8217;aniversari per fer deu anys de la seva creaci\u00f3 ens serveixi a tots per donar m\u00e9s sentit a l&#8217;esdeveniment de tenir una gegantona, que tamb\u00e9 ha trigat deu anys a n\u00e9ixer. I aprofitar-ho tamb\u00e9 per recuperar el m\u00e0xim de dades de la nostra hist\u00f2ria com a AMPA i com a escola. Podent-la fer present o b\u00e9 a trav\u00e9s de la recopilaci\u00f3 de dades i la seva exposici\u00f3 (pensem que la gegantona necessita un \u00e0lbum familiar!), o b\u00e9 a manera de patchwork simb\u00f2lic a les faldilles de la gegantona.<\/p>\n<p>&nbsp;<\/p>\n<p>B\u00e9, ja veieu que tot i ser pocs, vam fer feina, i tamb\u00e9 vam quedar de veure&#8217;ns el proper\u00a0<strong>dimarts 19 de gener a les 20&#8217;30 a l&#8217;escola<\/strong>\u00a0per seguir-ne parlant. Aix\u00ed que marqueu-vos la data a l&#8217;agenda que ens cal fer pinya per assumir la feinada que se&#8217;ns est\u00e0 girant, aix\u00f2 si, sempre des de l&#8217;esperit m\u00e9s festiu i comparser que ens poguem imaginar!!!!<\/p>\n","protected":false},"excerpt":{"rendered":"<p>El 14 de desembre ens hem reunit per primer cop aquest curs i ja com a colla oficial de l&#8217;AMPA les persones interessades -i que hi v\u00e0rem poder ser- en comen\u00e7ar a treballar i donar llum als continguts que s\u00f3n&#8230;<\/p>\n","protected":false},"author":9,"featured_media":9580,"comment_status":"open","ping_status":"closed","sticky":false,"template":"","format":"standard","meta":{"footnotes":""},"categories":[11],"tags":[],"class_list":["post-977","post","type-post","status-publish","format-standard","has-post-thumbnail","hentry","category-colles-gegantera"],"post_mailing_queue_ids":[],"_links":{"self":[{"href":"https:\/\/www.afaprogres.cat\/web\/wp-json\/wp\/v2\/posts\/977","targetHints":{"allow":["GET"]}}],"collection":[{"href":"https:\/\/www.afaprogres.cat\/web\/wp-json\/wp\/v2\/posts"}],"about":[{"href":"https:\/\/www.afaprogres.cat\/web\/wp-json\/wp\/v2\/types\/post"}],"author":[{"embeddable":true,"href":"https:\/\/www.afaprogres.cat\/web\/wp-json\/wp\/v2\/users\/9"}],"replies":[{"embeddable":true,"href":"https:\/\/www.afaprogres.cat\/web\/wp-json\/wp\/v2\/comments?post=977"}],"version-history":[{"count":5,"href":"https:\/\/www.afaprogres.cat\/web\/wp-json\/wp\/v2\/posts\/977\/revisions"}],"predecessor-version":[{"id":10339,"href":"https:\/\/www.afaprogres.cat\/web\/wp-json\/wp\/v2\/posts\/977\/revisions\/10339"}],"wp:featuredmedia":[{"embeddable":true,"href":"https:\/\/www.afaprogres.cat\/web\/wp-json\/wp\/v2\/media\/9580"}],"wp:attachment":[{"href":"https:\/\/www.afaprogres.cat\/web\/wp-json\/wp\/v2\/media?parent=977"}],"wp:term":[{"taxonomy":"category","embeddable":true,"href":"https:\/\/www.afaprogres.cat\/web\/wp-json\/wp\/v2\/categories?post=977"},{"taxonomy":"post_tag","embeddable":true,"href":"https:\/\/www.afaprogres.cat\/web\/wp-json\/wp\/v2\/tags?post=977"}],"curies":[{"name":"wp","href":"https:\/\/api.w.org\/{rel}","templated":true}]}}