{"id":9748,"date":"2022-09-07T17:36:40","date_gmt":"2022-09-07T15:36:40","guid":{"rendered":"https:\/\/www.afaprogres.cat\/web\/?p=9748"},"modified":"2022-09-08T09:35:18","modified_gmt":"2022-09-08T07:35:18","slug":"resum-de-la-reunio-de-la-junta-de-lafa-27-06-22","status":"publish","type":"post","link":"https:\/\/www.afaprogres.cat\/web\/resum-de-la-reunio-de-la-junta-de-lafa-27-06-22\/","title":{"rendered":"Resum de la reuni\u00f3 de la Junta de l&#8217;AFA (27\/06\/22)"},"content":{"rendered":"<p><strong>1) Augment de preus del servei de menjador.<\/strong> A causa de l&#8217;augment de preus dels aliments i per garantir la qualitat en el servei de menjador donem suport per unanimitat a la pujada de preus del men\u00fa del menjador, que s&#8217;haur\u00e0 d&#8217;aprovar en Consell Escolar.<\/p>\n<p><strong>2) Seguiment de les vocalies.<\/strong> L\u2019Elisenda Bofill, presidenta de l&#8217;AFA, demana a les diferents vocalies una mem\u00f2ria per poder redactar la mem\u00f2ria general, que es presentar\u00e0 a l&#8217;Assemblea per sotmetre-la a votaci\u00f3. L&#8217;Aida Garc\u00eda, vocal d&#8217;Extraescolars, explica les activitats noves que hi haur\u00e0 el curs 2022-23 i que les activitats comen\u00e7aran el 3 d&#8217;octubre.<\/p>\n<p><strong>3) Torn obert de paraula. <\/strong>Es comenta l&#8217;estat de conservaci\u00f3 dels patis de l&#8217;escola i es proposa la idea de buscar un fuster que pugui construir gronxadors o mobiliari de jocs. Tamb\u00e9 es parla de la p\u00e8rdua de roba durant el Casalet de juny, i es comenta que Diverjoc envi\u00ef una enquesta de satisfacci\u00f3 a les fam\u00edlies.<\/p>\n","protected":false},"excerpt":{"rendered":"<p>1) Augment de preus del servei de menjador. A causa de l&#8217;augment de preus dels aliments i per garantir la qualitat en el servei de menjador donem suport per unanimitat a la pujada de preus del men\u00fa del menjador, que&#8230;<\/p>\n","protected":false},"author":9,"featured_media":9417,"comment_status":"open","ping_status":"closed","sticky":false,"template":"","format":"standard","meta":{"footnotes":""},"categories":[96],"tags":[],"class_list":["post-9748","post","type-post","status-publish","format-standard","has-post-thumbnail","hentry","category-resum-juntes"],"post_mailing_queue_ids":[],"_links":{"self":[{"href":"https:\/\/www.afaprogres.cat\/web\/wp-json\/wp\/v2\/posts\/9748","targetHints":{"allow":["GET"]}}],"collection":[{"href":"https:\/\/www.afaprogres.cat\/web\/wp-json\/wp\/v2\/posts"}],"about":[{"href":"https:\/\/www.afaprogres.cat\/web\/wp-json\/wp\/v2\/types\/post"}],"author":[{"embeddable":true,"href":"https:\/\/www.afaprogres.cat\/web\/wp-json\/wp\/v2\/users\/9"}],"replies":[{"embeddable":true,"href":"https:\/\/www.afaprogres.cat\/web\/wp-json\/wp\/v2\/comments?post=9748"}],"version-history":[{"count":1,"href":"https:\/\/www.afaprogres.cat\/web\/wp-json\/wp\/v2\/posts\/9748\/revisions"}],"predecessor-version":[{"id":9749,"href":"https:\/\/www.afaprogres.cat\/web\/wp-json\/wp\/v2\/posts\/9748\/revisions\/9749"}],"wp:featuredmedia":[{"embeddable":true,"href":"https:\/\/www.afaprogres.cat\/web\/wp-json\/wp\/v2\/media\/9417"}],"wp:attachment":[{"href":"https:\/\/www.afaprogres.cat\/web\/wp-json\/wp\/v2\/media?parent=9748"}],"wp:term":[{"taxonomy":"category","embeddable":true,"href":"https:\/\/www.afaprogres.cat\/web\/wp-json\/wp\/v2\/categories?post=9748"},{"taxonomy":"post_tag","embeddable":true,"href":"https:\/\/www.afaprogres.cat\/web\/wp-json\/wp\/v2\/tags?post=9748"}],"curies":[{"name":"wp","href":"https:\/\/api.w.org\/{rel}","templated":true}]}}