{"id":970,"date":"2011-11-11T00:00:20","date_gmt":"2011-11-11T00:00:20","guid":{"rendered":"http:\/\/ampaprogres.topcommerce.es\/?p=970"},"modified":"2013-04-29T16:23:51","modified_gmt":"2013-04-29T16:23:51","slug":"benvinguts-tasi-i-mariona","status":"publish","type":"post","link":"https:\/\/www.afaprogres.cat\/web\/benvinguts-tasi-i-mariona\/","title":{"rendered":"Benvinguts Tasi i Mariona!!!!!!"},"content":{"rendered":"<p>El passat divendres 11 de novembre, va tenir lloc a la nostra escola,\u00a0l`acolliment del Tasi i la Mariona, portats durant el curs anterior per l`escola Lola Anglada, i entregats per ells mateixos, en el marc d`una festa molt emotiva per els nostres alumnes, plena de sorpreses, balls i amb m\u00fasica en directe de la colla de geganters de Badalona.<\/p>\n<p><img loading=\"lazy\" decoding=\"async\" class=\"size-medium wp-image-973 alignright\" alt=\"gegants2\" src=\"http:\/\/ampaprogres.topcommerce.es\/wp-content\/uploads\/gegants2-300x225.jpg\" width=\"300\" height=\"225\" srcset=\"https:\/\/www.afaprogres.cat\/web\/wp-content\/uploads\/gegants2-300x225.jpg 300w, https:\/\/www.afaprogres.cat\/web\/wp-content\/uploads\/gegants2-80x60.jpg 80w, https:\/\/www.afaprogres.cat\/web\/wp-content\/uploads\/gegants2.jpg 887w\" sizes=\"auto, (max-width: 300px) 100vw, 300px\" \/>Durant el transcurs de la festa es va explicar una mica la hist\u00f2ria de l`escola i com han anat apareixent els nostres elements festius, el Drac M\u00e0gic, la Marina i els peixolins Golafre i Eixerida i el Nun.<\/p>\n<p>Ara els nens de 6\u00e8 curs tenen el repte i el plaer de ser-ne els portadors durant el curs 2011-2012, i es que el Tasi i la Mariona s\u00f3n reproduccions dels centenaris An\u00e0stasi i Maria gegants de la ciutat de Badalona.<\/p>\n<p>Ser\u00e0 durant les festes de maig 2012, on els nostres nens podran lluir-se passejant-los per la ciutat i participant en els actes oficials.<\/p>\n<p>I d\u00b4aquesta manera la colla gegantera de l\u00b4escola Progr\u00e9s ara esta m\u00e9s enfeinada que mai, preparant-se per una nova temporada de balls i sortides, i molt ben acompanyats&#8230; dels nostres convidats per tot un any!!!<\/p>\n<p><img loading=\"lazy\" decoding=\"async\" class=\"size-medium wp-image-972 alignright\" alt=\"gegants1\" src=\"http:\/\/ampaprogres.topcommerce.es\/wp-content\/uploads\/gegants1-300x198.jpg\" width=\"300\" height=\"198\" srcset=\"https:\/\/www.afaprogres.cat\/web\/wp-content\/uploads\/gegants1-300x198.jpg 300w, https:\/\/www.afaprogres.cat\/web\/wp-content\/uploads\/gegants1.jpg 542w\" sizes=\"auto, (max-width: 300px) 100vw, 300px\" \/><\/p>\n<p>&nbsp;<\/p>\n","protected":false},"excerpt":{"rendered":"<p>El passat divendres 11 de novembre, va tenir lloc a la nostra escola,\u00a0l`acolliment del Tasi i la Mariona, portats durant el curs anterior per l`escola Lola Anglada, i entregats per ells mateixos, en el marc d`una festa molt emotiva per&#8230;<\/p>\n","protected":false},"author":9,"featured_media":973,"comment_status":"open","ping_status":"closed","sticky":false,"template":"","format":"standard","meta":{"footnotes":""},"categories":[11],"tags":[],"class_list":["post-970","post","type-post","status-publish","format-standard","has-post-thumbnail","hentry","category-colles-gegantera"],"post_mailing_queue_ids":[],"_links":{"self":[{"href":"https:\/\/www.afaprogres.cat\/web\/wp-json\/wp\/v2\/posts\/970","targetHints":{"allow":["GET"]}}],"collection":[{"href":"https:\/\/www.afaprogres.cat\/web\/wp-json\/wp\/v2\/posts"}],"about":[{"href":"https:\/\/www.afaprogres.cat\/web\/wp-json\/wp\/v2\/types\/post"}],"author":[{"embeddable":true,"href":"https:\/\/www.afaprogres.cat\/web\/wp-json\/wp\/v2\/users\/9"}],"replies":[{"embeddable":true,"href":"https:\/\/www.afaprogres.cat\/web\/wp-json\/wp\/v2\/comments?post=970"}],"version-history":[{"count":5,"href":"https:\/\/www.afaprogres.cat\/web\/wp-json\/wp\/v2\/posts\/970\/revisions"}],"predecessor-version":[{"id":993,"href":"https:\/\/www.afaprogres.cat\/web\/wp-json\/wp\/v2\/posts\/970\/revisions\/993"}],"wp:featuredmedia":[{"embeddable":true,"href":"https:\/\/www.afaprogres.cat\/web\/wp-json\/wp\/v2\/media\/973"}],"wp:attachment":[{"href":"https:\/\/www.afaprogres.cat\/web\/wp-json\/wp\/v2\/media?parent=970"}],"wp:term":[{"taxonomy":"category","embeddable":true,"href":"https:\/\/www.afaprogres.cat\/web\/wp-json\/wp\/v2\/categories?post=970"},{"taxonomy":"post_tag","embeddable":true,"href":"https:\/\/www.afaprogres.cat\/web\/wp-json\/wp\/v2\/tags?post=970"}],"curies":[{"name":"wp","href":"https:\/\/api.w.org\/{rel}","templated":true}]}}