{"id":961,"date":"2012-02-05T00:46:24","date_gmt":"2012-02-05T00:46:24","guid":{"rendered":"http:\/\/ampaprogres.topcommerce.es\/?p=961"},"modified":"2013-04-29T16:23:30","modified_gmt":"2013-04-29T16:23:30","slug":"tallers-de-gegants-de-capgrossos-i-de-musica-tradicional","status":"publish","type":"post","link":"https:\/\/www.afaprogres.cat\/web\/tallers-de-gegants-de-capgrossos-i-de-musica-tradicional\/","title":{"rendered":"Tallers de gegants, de capgrossos i de m\u00fasica tradicional"},"content":{"rendered":"<p>Qu\u00e8 hi ha sota les faldilles d&#8217;un gegant? Com es preparen per a la Festa Major? Aquestes preguntes i moltes m\u00e9s les podr\u00e0s descobrir gr\u00e0cies a les jornades que els Geganters de la ciutat han preparat per obrir les seves portes a la ciutadania.<\/p>\n<p>I \u00e9s qu\u00e8 la Colla de Geganters de Badalona ha organitzat diferents tallers oberts al p\u00fablic, (de gegants, de capgrossos i de m\u00fasica tradicional)\u00a0amb l&#8217;objectiu de donar a con\u00e8ixer el m\u00f3n geganter i tot all\u00f2 que l&#8217;envolta. Els tallers, es portaran a terme els dissabtes 18, 25 de febrer i 10 de mar\u00e7 de 17.00\u00a0a 20.00 hores al seu local situat a la Masia de Can Canyad\u00f3.<\/p>\n<p><img loading=\"lazy\" decoding=\"async\" class=\"size-medium wp-image-960 alignright\" alt=\"gegants_badalona\" src=\"http:\/\/ampaprogres.topcommerce.es\/wp-content\/uploads\/gegants_badalona-212x300.png\" width=\"212\" height=\"300\" srcset=\"https:\/\/www.afaprogres.cat\/web\/wp-content\/uploads\/gegants_badalona-212x300.png 212w, https:\/\/www.afaprogres.cat\/web\/wp-content\/uploads\/gegants_badalona.png 600w\" sizes=\"auto, (max-width: 212px) 100vw, 212px\" \/><\/p>\n<p>Segons els promotors dels tallers, l&#8217;objectiu d&#8217;aquesta activitat &#8220;\u00e9s introduir a tots aquells que hi assisteixin al m\u00f3n dels gegants, els capgrossos i, tamb\u00e9, a la m\u00fasica que els acompanya&#8221;. De fet, els tallers s\u00f3n gratu\u00efts, &#8220;sense cap mena d\u2019\u00e0nim de lucre i apte per a totes les edats, afirmen.<\/p>\n<p>Per tal de participar els interessats s&#8217;han d&#8217;adre\u00e7ar mitjan\u00e7ant un correu electr\u00f2nic amb el nom, l&#8217;edat i quines de les activitats interessa assistir a l&#8217;adre\u00e7a:\u00a0<a href=\"mailto:gegantsbadalona@gmail.com\">gegantsbadalona@gmail.com<\/a>. Tamb\u00e9 es pot consultar al seu\u00a0<a href=\"http:\/\/www.facebook.com\/collagegantersbadalona\" target=\"_blank\">facebook.<\/a><\/p>\n","protected":false},"excerpt":{"rendered":"<p>Qu\u00e8 hi ha sota les faldilles d&#8217;un gegant? Com es preparen per a la Festa Major? Aquestes preguntes i moltes m\u00e9s les podr\u00e0s descobrir gr\u00e0cies a les jornades que els Geganters de la ciutat han preparat per obrir les seves&#8230;<\/p>\n","protected":false},"author":9,"featured_media":960,"comment_status":"open","ping_status":"closed","sticky":false,"template":"","format":"standard","meta":{"footnotes":""},"categories":[11],"tags":[],"class_list":["post-961","post","type-post","status-publish","format-standard","has-post-thumbnail","hentry","category-colles-gegantera"],"post_mailing_queue_ids":[],"_links":{"self":[{"href":"https:\/\/www.afaprogres.cat\/web\/wp-json\/wp\/v2\/posts\/961","targetHints":{"allow":["GET"]}}],"collection":[{"href":"https:\/\/www.afaprogres.cat\/web\/wp-json\/wp\/v2\/posts"}],"about":[{"href":"https:\/\/www.afaprogres.cat\/web\/wp-json\/wp\/v2\/types\/post"}],"author":[{"embeddable":true,"href":"https:\/\/www.afaprogres.cat\/web\/wp-json\/wp\/v2\/users\/9"}],"replies":[{"embeddable":true,"href":"https:\/\/www.afaprogres.cat\/web\/wp-json\/wp\/v2\/comments?post=961"}],"version-history":[{"count":5,"href":"https:\/\/www.afaprogres.cat\/web\/wp-json\/wp\/v2\/posts\/961\/revisions"}],"predecessor-version":[{"id":992,"href":"https:\/\/www.afaprogres.cat\/web\/wp-json\/wp\/v2\/posts\/961\/revisions\/992"}],"wp:featuredmedia":[{"embeddable":true,"href":"https:\/\/www.afaprogres.cat\/web\/wp-json\/wp\/v2\/media\/960"}],"wp:attachment":[{"href":"https:\/\/www.afaprogres.cat\/web\/wp-json\/wp\/v2\/media?parent=961"}],"wp:term":[{"taxonomy":"category","embeddable":true,"href":"https:\/\/www.afaprogres.cat\/web\/wp-json\/wp\/v2\/categories?post=961"},{"taxonomy":"post_tag","embeddable":true,"href":"https:\/\/www.afaprogres.cat\/web\/wp-json\/wp\/v2\/tags?post=961"}],"curies":[{"name":"wp","href":"https:\/\/api.w.org\/{rel}","templated":true}]}}