{"id":9518,"date":"2022-04-06T12:51:20","date_gmt":"2022-04-06T10:51:20","guid":{"rendered":"https:\/\/www.afaprogres.cat\/web\/?p=9518"},"modified":"2022-04-06T12:51:20","modified_gmt":"2022-04-06T10:51:20","slug":"reclamem-que-es-reobri-la-biblioteca-can-casacuberta","status":"publish","type":"post","link":"https:\/\/www.afaprogres.cat\/web\/reclamem-que-es-reobri-la-biblioteca-can-casacuberta\/","title":{"rendered":"Reclamem que es reobri la biblioteca Can Casacuberta"},"content":{"rendered":"\r\n<p>Benvolgudes fam\u00edlies,<\/p>\r\n<p>Ja fa dos anys que la biblioteca Can Casacuberta est\u00e0 tancada i des de diverses AFA ens volem mobilitzar per exigir a l&#8217;Ajuntament que la reobri.<\/p>\r\n<p>Si voleu estar informats de les accions que es duran a terme i voleu aportar f\u00f3rmules creatives de reivindicaci\u00f3, podeu afegir-vos al grup de Telegram que s&#8217;ha creat:<\/p>\r\n<p><a href=\"https:\/\/t.me\/+I4oJYjABggwyZjU0\">https:\/\/t.me\/+I4oJYjABggwyZjU0<\/a><\/p>\r\n<p>A m\u00e9s, el dijous 21 d&#8217;abril hi ha prevista una trobada, a les 18.30 h, a la porta de Can Casacuberta, per con\u00e8ixer-nos, comen\u00e7ar a fer soroll amb una cassolada de protesta i planejar m\u00e9s accions.<\/p>\r\n<p>Ens preocupa que la biblioteca continu\u00ef tancada despr\u00e9s de tant de temps, perqu\u00e8 entenem que a m\u00e9s d&#8217;un servei a la comunitat, un recurs cultural i un refugi clim\u00e0tic, \u00e9s tamb\u00e9 un recurs educatiu per a les nostres escoles.<\/p>\r\n<p>Aquesta iniciativa pret\u00e9n visualitzar una falta de comprom\u00eds de les administracions per l&#8217;educaci\u00f3 i la cultura. I volem buscar f\u00f3rmules creatives que visualitzin aquest problema i incideixin de manera directa en la reobertura de la biblioteca Can Casacuberta.<\/p>\r\n<p>Com m\u00e9s siguem, m\u00e9s pressi\u00f3 farem!<\/p>\r\n<p>AFA Progr\u00e9s<\/p>\r\n","protected":false},"excerpt":{"rendered":"<p>Benvolgudes fam\u00edlies, Ja fa dos anys que la biblioteca Can Casacuberta est\u00e0 tancada i des de diverses AFA ens volem mobilitzar per exigir a l&#8217;Ajuntament que la reobri. Si voleu estar informats de les accions que es duran a terme&#8230;<\/p>\n","protected":false},"author":9,"featured_media":9519,"comment_status":"open","ping_status":"closed","sticky":false,"template":"","format":"standard","meta":{"footnotes":""},"categories":[13],"tags":[],"class_list":["post-9518","post","type-post","status-publish","format-standard","has-post-thumbnail","hentry","category-noticies"],"post_mailing_queue_ids":[],"_links":{"self":[{"href":"https:\/\/www.afaprogres.cat\/web\/wp-json\/wp\/v2\/posts\/9518","targetHints":{"allow":["GET"]}}],"collection":[{"href":"https:\/\/www.afaprogres.cat\/web\/wp-json\/wp\/v2\/posts"}],"about":[{"href":"https:\/\/www.afaprogres.cat\/web\/wp-json\/wp\/v2\/types\/post"}],"author":[{"embeddable":true,"href":"https:\/\/www.afaprogres.cat\/web\/wp-json\/wp\/v2\/users\/9"}],"replies":[{"embeddable":true,"href":"https:\/\/www.afaprogres.cat\/web\/wp-json\/wp\/v2\/comments?post=9518"}],"version-history":[{"count":1,"href":"https:\/\/www.afaprogres.cat\/web\/wp-json\/wp\/v2\/posts\/9518\/revisions"}],"predecessor-version":[{"id":9520,"href":"https:\/\/www.afaprogres.cat\/web\/wp-json\/wp\/v2\/posts\/9518\/revisions\/9520"}],"wp:featuredmedia":[{"embeddable":true,"href":"https:\/\/www.afaprogres.cat\/web\/wp-json\/wp\/v2\/media\/9519"}],"wp:attachment":[{"href":"https:\/\/www.afaprogres.cat\/web\/wp-json\/wp\/v2\/media?parent=9518"}],"wp:term":[{"taxonomy":"category","embeddable":true,"href":"https:\/\/www.afaprogres.cat\/web\/wp-json\/wp\/v2\/categories?post=9518"},{"taxonomy":"post_tag","embeddable":true,"href":"https:\/\/www.afaprogres.cat\/web\/wp-json\/wp\/v2\/tags?post=9518"}],"curies":[{"name":"wp","href":"https:\/\/api.w.org\/{rel}","templated":true}]}}