{"id":937,"date":"2012-06-28T10:39:12","date_gmt":"2012-06-28T10:39:12","guid":{"rendered":"http:\/\/ampaprogres.topcommerce.es\/?p=937"},"modified":"2013-04-29T16:22:48","modified_gmt":"2013-04-29T16:22:48","slug":"ballada-de-gegants","status":"publish","type":"post","link":"https:\/\/www.afaprogres.cat\/web\/ballada-de-gegants\/","title":{"rendered":"Ballada de Gegants"},"content":{"rendered":"<p><img loading=\"lazy\" decoding=\"async\" class=\"size-medium wp-image-939 alignright\" alt=\"anis_mono\" src=\"http:\/\/ampaprogres.topcommerce.es\/wp-content\/uploads\/anis_mono-300x144.png\" width=\"300\" height=\"144\" srcset=\"https:\/\/www.afaprogres.cat\/web\/wp-content\/uploads\/anis_mono-300x144.png 300w, https:\/\/www.afaprogres.cat\/web\/wp-content\/uploads\/anis_mono.png 600w\" sizes=\"auto, (max-width: 300px) 100vw, 300px\" \/>El proper dissabte 7 de Juliol, ens han convidat a la inauguraci\u00f3 de l&#8217;est\u00e0tua del An\u00eds del Mono amb els gegantons Nun i Marina i en representaci\u00f3 com a escola del Barri.<\/p>\n<p>A les 17h a la pla\u00e7a de la Rosa dels vents, on hi haur\u00e0 xocolatada popular, cercavila de gegants i ballada.<\/p>\n<p>Tindrem la sort de que vindran tb els nens de 6e, ja que ser\u00e0 la seva darrera sortida.<\/p>\n","protected":false},"excerpt":{"rendered":"<p>El proper dissabte 7 de Juliol, ens han convidat a la inauguraci\u00f3 de l&#8217;est\u00e0tua del An\u00eds del Mono amb els gegantons Nun i Marina i en representaci\u00f3 com a escola del Barri. A les 17h a la pla\u00e7a de la&#8230;<\/p>\n","protected":false},"author":9,"featured_media":939,"comment_status":"open","ping_status":"closed","sticky":false,"template":"","format":"standard","meta":{"footnotes":""},"categories":[11],"tags":[],"class_list":["post-937","post","type-post","status-publish","format-standard","has-post-thumbnail","hentry","category-colles-gegantera"],"post_mailing_queue_ids":[],"_links":{"self":[{"href":"https:\/\/www.afaprogres.cat\/web\/wp-json\/wp\/v2\/posts\/937","targetHints":{"allow":["GET"]}}],"collection":[{"href":"https:\/\/www.afaprogres.cat\/web\/wp-json\/wp\/v2\/posts"}],"about":[{"href":"https:\/\/www.afaprogres.cat\/web\/wp-json\/wp\/v2\/types\/post"}],"author":[{"embeddable":true,"href":"https:\/\/www.afaprogres.cat\/web\/wp-json\/wp\/v2\/users\/9"}],"replies":[{"embeddable":true,"href":"https:\/\/www.afaprogres.cat\/web\/wp-json\/wp\/v2\/comments?post=937"}],"version-history":[{"count":5,"href":"https:\/\/www.afaprogres.cat\/web\/wp-json\/wp\/v2\/posts\/937\/revisions"}],"predecessor-version":[{"id":989,"href":"https:\/\/www.afaprogres.cat\/web\/wp-json\/wp\/v2\/posts\/937\/revisions\/989"}],"wp:featuredmedia":[{"embeddable":true,"href":"https:\/\/www.afaprogres.cat\/web\/wp-json\/wp\/v2\/media\/939"}],"wp:attachment":[{"href":"https:\/\/www.afaprogres.cat\/web\/wp-json\/wp\/v2\/media?parent=937"}],"wp:term":[{"taxonomy":"category","embeddable":true,"href":"https:\/\/www.afaprogres.cat\/web\/wp-json\/wp\/v2\/categories?post=937"},{"taxonomy":"post_tag","embeddable":true,"href":"https:\/\/www.afaprogres.cat\/web\/wp-json\/wp\/v2\/tags?post=937"}],"curies":[{"name":"wp","href":"https:\/\/api.w.org\/{rel}","templated":true}]}}