{"id":9314,"date":"2021-09-06T10:17:49","date_gmt":"2021-09-06T08:17:49","guid":{"rendered":"https:\/\/www.afaprogres.cat\/web\/?p=9314"},"modified":"2021-09-06T10:17:50","modified_gmt":"2021-09-06T08:17:50","slug":"inscripcions-a-lextraescolar-de-piscina","status":"publish","type":"post","link":"https:\/\/www.afaprogres.cat\/web\/inscripcions-a-lextraescolar-de-piscina\/","title":{"rendered":"Inscripcions a l&#8217;extraescolar de piscina"},"content":{"rendered":"<p>Des d&#8217;avui i fins al dijous dia 9 de setembre, podeu inscriure els vostres fills a l&#8217;extraescolar de piscina, a trav\u00e9s d&#8217;aquest formulari:<\/p>\n<p><a href=\"https:\/\/docs.google.com\/forms\/d\/e\/1FAIpQLSd7tsFmcRJErAy8Fjquy0uBZvdPMyPop75m6RMSRTXmA6VyOw\/viewform\">https:\/\/docs.google.com\/forms\/d\/e\/1FAIpQLSd7tsFmcRJErAy8Fjquy0uBZvdPMyPop75m6RMSRTXmA6VyOw\/viewform<\/a><\/p>\n<p>Si hi ha m\u00e9s demanda de les places que tenim assignades, farem un sorteig. A cada inscripci\u00f3 se li assignar\u00e0 un n\u00famero, i el llistat el publicarem al web el dia 10 (per protecci\u00f3 de dades, hi posarem les dues primeres lletres del nom i els cognoms). El mateix dia farem el sorteig del n\u00famero de desempat, com es fa amb les inscripcions a les escoles. El dia 13 publicarem el llistat d&#8217;admesos segons l&#8217;ordre en qu\u00e8 hagin quedat amb el n\u00famero de desempat.<\/p>\n<p>Les inscripcions per a la resta d&#8217;activitats extraescolars es postposen i es faran del 9 al 17 de setembre. Us en mantindrem informats.<\/p>\n","protected":false},"excerpt":{"rendered":"<p>Des d&#8217;avui i fins al dijous dia 9 de setembre, podeu inscriure els vostres fills a l&#8217;extraescolar de piscina, a trav\u00e9s d&#8217;aquest formulari: https:\/\/docs.google.com\/forms\/d\/e\/1FAIpQLSd7tsFmcRJErAy8Fjquy0uBZvdPMyPop75m6RMSRTXmA6VyOw\/viewform Si hi ha m\u00e9s demanda de les places que tenim assignades, farem un sorteig. A cada&#8230;<\/p>\n","protected":false},"author":9,"featured_media":9282,"comment_status":"open","ping_status":"closed","sticky":false,"template":"","format":"standard","meta":{"footnotes":""},"categories":[13],"tags":[],"class_list":["post-9314","post","type-post","status-publish","format-standard","has-post-thumbnail","hentry","category-noticies"],"post_mailing_queue_ids":[],"_links":{"self":[{"href":"https:\/\/www.afaprogres.cat\/web\/wp-json\/wp\/v2\/posts\/9314","targetHints":{"allow":["GET"]}}],"collection":[{"href":"https:\/\/www.afaprogres.cat\/web\/wp-json\/wp\/v2\/posts"}],"about":[{"href":"https:\/\/www.afaprogres.cat\/web\/wp-json\/wp\/v2\/types\/post"}],"author":[{"embeddable":true,"href":"https:\/\/www.afaprogres.cat\/web\/wp-json\/wp\/v2\/users\/9"}],"replies":[{"embeddable":true,"href":"https:\/\/www.afaprogres.cat\/web\/wp-json\/wp\/v2\/comments?post=9314"}],"version-history":[{"count":1,"href":"https:\/\/www.afaprogres.cat\/web\/wp-json\/wp\/v2\/posts\/9314\/revisions"}],"predecessor-version":[{"id":9315,"href":"https:\/\/www.afaprogres.cat\/web\/wp-json\/wp\/v2\/posts\/9314\/revisions\/9315"}],"wp:featuredmedia":[{"embeddable":true,"href":"https:\/\/www.afaprogres.cat\/web\/wp-json\/wp\/v2\/media\/9282"}],"wp:attachment":[{"href":"https:\/\/www.afaprogres.cat\/web\/wp-json\/wp\/v2\/media?parent=9314"}],"wp:term":[{"taxonomy":"category","embeddable":true,"href":"https:\/\/www.afaprogres.cat\/web\/wp-json\/wp\/v2\/categories?post=9314"},{"taxonomy":"post_tag","embeddable":true,"href":"https:\/\/www.afaprogres.cat\/web\/wp-json\/wp\/v2\/tags?post=9314"}],"curies":[{"name":"wp","href":"https:\/\/api.w.org\/{rel}","templated":true}]}}