{"id":9252,"date":"2021-09-01T14:20:50","date_gmt":"2021-09-01T12:20:50","guid":{"rendered":"https:\/\/www.afaprogres.cat\/web\/?p=9252"},"modified":"2021-09-10T13:32:34","modified_gmt":"2021-09-10T11:32:34","slug":"reunio-informativa-de-les-extraescolars-danges-i-frances","status":"publish","type":"post","link":"https:\/\/www.afaprogres.cat\/web\/reunio-informativa-de-les-extraescolars-danges-i-frances\/","title":{"rendered":"Reuni\u00f3 informativa de les extraescolars d&#8217;angl\u00e8s i franc\u00e8s &#8211; dijous 9 de setembre"},"content":{"rendered":"<p>L&#8217;empresa BeKith s&#8217;encarrega aquest any de les activitats extraescolars d&#8217;angl\u00e8s i franc\u00e8s. \u00c9s una de les novetats d&#8217;aquest curs. Per presentar el seu m\u00e8tode d&#8217;ensenyament, BeKith organitza una reuni\u00f3 virtual el dijous 9 de setembre a les 19 h, per a totes aquelles fam\u00edlies que hi estiguin interessades.<\/p>\n<p>Trobareu m\u00e9s informaci\u00f3 en <a href=\"https:\/\/www.afaprogres.cat\/web\/wp-content\/uploads\/PDF-convocatoria-reunio\u0301-ESCOLA-PROGRE\u0300S-1.pdf\" target=\"_blank\" rel=\"noopener\">aquest pdf,<\/a> amb les dades de la reuni\u00f3 per Zoom i la contrasenya.<\/p>\n","protected":false},"excerpt":{"rendered":"<p>L&#8217;empresa BeKith s&#8217;encarrega aquest any de les activitats extraescolars d&#8217;angl\u00e8s i franc\u00e8s. \u00c9s una de les novetats d&#8217;aquest curs. Per presentar el seu m\u00e8tode d&#8217;ensenyament, BeKith organitza una reuni\u00f3 virtual el dijous 9 de setembre a les 19 h, per&#8230;<\/p>\n","protected":false},"author":9,"featured_media":9253,"comment_status":"open","ping_status":"closed","sticky":false,"template":"","format":"standard","meta":{"footnotes":""},"categories":[13],"tags":[],"class_list":["post-9252","post","type-post","status-publish","format-standard","has-post-thumbnail","hentry","category-noticies"],"post_mailing_queue_ids":[],"_links":{"self":[{"href":"https:\/\/www.afaprogres.cat\/web\/wp-json\/wp\/v2\/posts\/9252","targetHints":{"allow":["GET"]}}],"collection":[{"href":"https:\/\/www.afaprogres.cat\/web\/wp-json\/wp\/v2\/posts"}],"about":[{"href":"https:\/\/www.afaprogres.cat\/web\/wp-json\/wp\/v2\/types\/post"}],"author":[{"embeddable":true,"href":"https:\/\/www.afaprogres.cat\/web\/wp-json\/wp\/v2\/users\/9"}],"replies":[{"embeddable":true,"href":"https:\/\/www.afaprogres.cat\/web\/wp-json\/wp\/v2\/comments?post=9252"}],"version-history":[{"count":11,"href":"https:\/\/www.afaprogres.cat\/web\/wp-json\/wp\/v2\/posts\/9252\/revisions"}],"predecessor-version":[{"id":9355,"href":"https:\/\/www.afaprogres.cat\/web\/wp-json\/wp\/v2\/posts\/9252\/revisions\/9355"}],"wp:featuredmedia":[{"embeddable":true,"href":"https:\/\/www.afaprogres.cat\/web\/wp-json\/wp\/v2\/media\/9253"}],"wp:attachment":[{"href":"https:\/\/www.afaprogres.cat\/web\/wp-json\/wp\/v2\/media?parent=9252"}],"wp:term":[{"taxonomy":"category","embeddable":true,"href":"https:\/\/www.afaprogres.cat\/web\/wp-json\/wp\/v2\/categories?post=9252"},{"taxonomy":"post_tag","embeddable":true,"href":"https:\/\/www.afaprogres.cat\/web\/wp-json\/wp\/v2\/tags?post=9252"}],"curies":[{"name":"wp","href":"https:\/\/api.w.org\/{rel}","templated":true}]}}