{"id":9112,"date":"2021-07-01T20:41:46","date_gmt":"2021-07-01T18:41:46","guid":{"rendered":"https:\/\/www.afaprogres.cat\/web\/?p=9112"},"modified":"2021-07-01T20:41:46","modified_gmt":"2021-07-01T18:41:46","slug":"comencen-al-casal-destiu-les-activitats-organitzades-per-lajuntament","status":"publish","type":"post","link":"https:\/\/www.afaprogres.cat\/web\/comencen-al-casal-destiu-les-activitats-organitzades-per-lajuntament\/","title":{"rendered":"Comencen al Casal d&#8217;Estiu les activitats organitzades per l&#8217;Ajuntament"},"content":{"rendered":"<p>Tot i les dificultats i les circumst\u00e0ncies de pand\u00e8mia tan especials, ja portem una setmana de Casal d&#8217;Estiu a l&#8217;escola, un dels m\u00e9s engrescadors de Badalona!<\/p>\n<p>A m\u00e9s de totes les activitats programades per Diverjoc, la setmana que ve comen\u00e7aran les activitats organitzades per l&#8217;Ajuntament de Badalona, que s&#8217;afegeixen a la programaci\u00f3 prevista.<\/p>\n<p>Els dimarts 6, 13, 20 i 27 de juliol, els alumnes de P3 i P4 faran l&#8217;activitat d&#8217;iniciaci\u00f3 esportiva a la platja del Port de Badalona (vegeu el document pdf amb la programaci\u00f3 de cada dia).<\/p>\n<p>Aquesta mateixa activitat a la platja del Port es far\u00e0 per als alumnes de P5 a 6\u00e8 el dimecres 28 de juliol.<\/p>\n<p>El dimecres 14 de juliol hi haur\u00e0 un taller d&#8217;educaci\u00f3 emocional per als nens i nenes de P3 i P4, en dues sessions de 25 alumnes cada una.<\/p>\n<p>Aquest mateix dia, els alumnes de P5 a 6\u00e8 faran rob\u00f2tica per grups, al llarg de tot el mat\u00ed.<\/p>\n<p>El dimecres 21 de juliol es far\u00e0 rob\u00f2tica per als alumnes de P3 i P4, mentre els nens i nenes de P5 a 6\u00e8 faran una <em>master class<\/em> de dansa.<\/p>\n<p>El dilluns 26 de juliol, hi haur\u00e0 tallers de circ i m\u00e0gia per a tots els cursos, de P3 a 6\u00e8. Quan els m\u00e9s petits estiguin fent les activitats de circ, els grans faran m\u00e0gia, i a la inversa.<\/p>\n<p>El dimecres 27 de juliol, mentre els alumnes de P5 a 6\u00e8 estiguin a la platja del Port fent l&#8217;activitat d&#8217;iniciaci\u00f3 a l&#8217;esport, els alumnes de P3 i P4 es quedaran a l&#8217;escola amb un conta contes teatralitzat.<\/p>\n<p>Esperem que els nens i nenes gaudeixin molt del Casal d&#8217;Estiu i de totes les activitats que hi ha programades!<\/p>\n<p><a href=\"https:\/\/f000.backblazeb2.com\/file\/AFAPROGRES\/Activitats-Escola-Progrees.pdf\">Descarregar el pdf<\/a><\/p>\n","protected":false},"excerpt":{"rendered":"<p>Tot i les dificultats i les circumst\u00e0ncies de pand\u00e8mia tan especials, ja portem una setmana de Casal d&#8217;Estiu a l&#8217;escola, un dels m\u00e9s engrescadors de Badalona! A m\u00e9s de totes les activitats programades per Diverjoc, la setmana que ve comen\u00e7aran&#8230;<\/p>\n","protected":false},"author":9,"featured_media":9115,"comment_status":"open","ping_status":"closed","sticky":false,"template":"","format":"standard","meta":{"footnotes":""},"categories":[13],"tags":[],"class_list":["post-9112","post","type-post","status-publish","format-standard","has-post-thumbnail","hentry","category-noticies"],"post_mailing_queue_ids":[],"_links":{"self":[{"href":"https:\/\/www.afaprogres.cat\/web\/wp-json\/wp\/v2\/posts\/9112","targetHints":{"allow":["GET"]}}],"collection":[{"href":"https:\/\/www.afaprogres.cat\/web\/wp-json\/wp\/v2\/posts"}],"about":[{"href":"https:\/\/www.afaprogres.cat\/web\/wp-json\/wp\/v2\/types\/post"}],"author":[{"embeddable":true,"href":"https:\/\/www.afaprogres.cat\/web\/wp-json\/wp\/v2\/users\/9"}],"replies":[{"embeddable":true,"href":"https:\/\/www.afaprogres.cat\/web\/wp-json\/wp\/v2\/comments?post=9112"}],"version-history":[{"count":1,"href":"https:\/\/www.afaprogres.cat\/web\/wp-json\/wp\/v2\/posts\/9112\/revisions"}],"predecessor-version":[{"id":9116,"href":"https:\/\/www.afaprogres.cat\/web\/wp-json\/wp\/v2\/posts\/9112\/revisions\/9116"}],"wp:featuredmedia":[{"embeddable":true,"href":"https:\/\/www.afaprogres.cat\/web\/wp-json\/wp\/v2\/media\/9115"}],"wp:attachment":[{"href":"https:\/\/www.afaprogres.cat\/web\/wp-json\/wp\/v2\/media?parent=9112"}],"wp:term":[{"taxonomy":"category","embeddable":true,"href":"https:\/\/www.afaprogres.cat\/web\/wp-json\/wp\/v2\/categories?post=9112"},{"taxonomy":"post_tag","embeddable":true,"href":"https:\/\/www.afaprogres.cat\/web\/wp-json\/wp\/v2\/tags?post=9112"}],"curies":[{"name":"wp","href":"https:\/\/api.w.org\/{rel}","templated":true}]}}