{"id":8996,"date":"2021-02-19T21:03:45","date_gmt":"2021-02-19T20:03:45","guid":{"rendered":"https:\/\/www.afaprogres.cat\/web\/?p=8996"},"modified":"2021-02-23T14:31:43","modified_gmt":"2021-02-23T13:31:43","slug":"ja-us-podeu-inscriure-a-les-xerrades-de-la-formacio-de-families","status":"publish","type":"post","link":"https:\/\/www.afaprogres.cat\/web\/ja-us-podeu-inscriure-a-les-xerrades-de-la-formacio-de-families\/","title":{"rendered":"Ja us podeu inscriure a les xerrades de la Formaci\u00f3 de Fam\u00edlies"},"content":{"rendered":"<p>El Servei d&#8217;Educaci\u00f3 de l&#8217;Ajuntament de Badalona acaba de presentar el programa de la Formaci\u00f3 de Fam\u00edlies del 2021, i les inscripcions ja estan obertes.<\/p>\n<p>Aquest programa inclou xerrades i tallers adre\u00e7ats a tots els pares i mares dels centres educatius de la ciutat, i s&#8217;hi aborden temes com la comunicaci\u00f3, l&#8217;educaci\u00f3 emocional, la conviv\u00e8ncia, com acompanyar l&#8217;adolesc\u00e8ncia, etc. Us podeu descarregar el programa en format pdf.<\/p>\n<p><strong>Qu\u00e8 has de saber?<\/strong><\/p>\n<ul>\n<li>Les xerrades i les diferents modalitats de tallers es fan totes en l\u00ednia (amb la plataforma Zoom).<\/li>\n<li>Si no s\u2019especifica una altra durada en el calendari, totes les activitats s\u00f3n d\u2019una sessi\u00f3 de 90 minuts.<\/li>\n<li>Estan pensades per a diferents etapes educatives que s\u2019indiquen en el calendari (TE = activitat per a totes les edats).<\/li>\n<\/ul>\n<p style=\"padding-top: 20px;\"><strong>Pautes per a la inscripci\u00f3<\/strong><\/p>\n<ul>\n<li>1r pas: per participar en el Programa cal registrar-s&#8217;hi abans <strong>(s&#8217;omple un sol cop)<\/strong>:<\/li>\n<\/ul>\n<p style=\"padding-top: 20px;\"><a href=\"http:\/\/bit.ly\/Registre-PFF\" target=\"_blank\" rel=\"noopener\">bit.ly\/Registre-PFF<\/a><\/p>\n<ul>\n<li>2n pas: un cop emplenat el formulari de registre, ja es pot fer la inscripci\u00f3 a les diferents activitat <strong>(1 inscripci\u00f3 per a cada activitat):<\/strong><\/li>\n<\/ul>\n<p style=\"padding-top: 20px;\"><a href=\"http:\/\/bit.ly\/Ins-PFF\" target=\"_blank\" rel=\"noopener\">bit.ly\/Ins-PFF<\/a><\/p>\n<ul>\n<li>Un cop feta la inscripci\u00f3 a l&#8217;activitat, es rebr\u00e0 un correu electr\u00f2nic amb la confirmaci\u00f3.<\/li>\n<li><strong> Recomanaci\u00f3 important:<\/strong> en cas de voler fer m\u00e9s d&#8217;una activitat, millor no realitzar totes les inscripcions d&#8217;un sol cop, sin\u00f3 fer cada inscripci\u00f3 quan s&#8217;acosti la data de l&#8217;activitat, per evitar oblits i altres imprevistos. Si es preveu que no es podr\u00e0 realitzar l&#8217;activitat, cal avisar al Servei d&#8217;Educaci\u00f3 perqu\u00e8 una altra fam\u00edlia pugui aprofitar la pla\u00e7a (al tr\u00edptic trobareu els dos correus electr\u00f2nics on heu d&#8217;escriure).<\/li>\n<\/ul>\n<p><strong>Pautes per a la participaci\u00f3<\/strong><\/p>\n<ul>\n<li>Uns dies abans de l\u2019activitat, s\u2019envia l\u2019enlla\u00e7 per poder accedir-hi.<\/li>\n<li>Quan s\u2019entra a la plataforma, cal entrar-hi amb el nom i un cognom.<\/li>\n<li>Per respecte als companys i als formadors, cal tenir el v\u00eddeo obert.<\/li>\n<\/ul>\n<p style=\"padding-top: 20px;\">\u2022 Per respectar la confidencialitat i facilitar la participaci\u00f3, les activitats no es graven.<\/p>\n<p style=\"padding-top: 20px;\"><a href=\"https:\/\/f000.backblazeb2.com\/file\/AFAPROGRES\/formacio-families-2021.pdf\">Descarregar el pdf<\/a><\/p>\n<p><a href=\"https:\/\/f000.backblazeb2.com\/file\/AFAPROGRES\/Glossari-segons-etapa-educativa.pdf\">Descarregar Glossari<\/a><\/p>\n","protected":false},"excerpt":{"rendered":"<p>El Servei d&#8217;Educaci\u00f3 de l&#8217;Ajuntament de Badalona acaba de presentar el programa de la Formaci\u00f3 de Fam\u00edlies del 2021, i les inscripcions ja estan obertes. Aquest programa inclou xerrades i tallers adre\u00e7ats a tots els pares i mares dels centres&#8230;<\/p>\n","protected":false},"author":9,"featured_media":8998,"comment_status":"open","ping_status":"closed","sticky":false,"template":"","format":"standard","meta":{"footnotes":""},"categories":[6,13],"tags":[],"class_list":["post-8996","post","type-post","status-publish","format-standard","has-post-thumbnail","hentry","category-families","category-noticies"],"post_mailing_queue_ids":[],"_links":{"self":[{"href":"https:\/\/www.afaprogres.cat\/web\/wp-json\/wp\/v2\/posts\/8996","targetHints":{"allow":["GET"]}}],"collection":[{"href":"https:\/\/www.afaprogres.cat\/web\/wp-json\/wp\/v2\/posts"}],"about":[{"href":"https:\/\/www.afaprogres.cat\/web\/wp-json\/wp\/v2\/types\/post"}],"author":[{"embeddable":true,"href":"https:\/\/www.afaprogres.cat\/web\/wp-json\/wp\/v2\/users\/9"}],"replies":[{"embeddable":true,"href":"https:\/\/www.afaprogres.cat\/web\/wp-json\/wp\/v2\/comments?post=8996"}],"version-history":[{"count":10,"href":"https:\/\/www.afaprogres.cat\/web\/wp-json\/wp\/v2\/posts\/8996\/revisions"}],"predecessor-version":[{"id":9027,"href":"https:\/\/www.afaprogres.cat\/web\/wp-json\/wp\/v2\/posts\/8996\/revisions\/9027"}],"wp:featuredmedia":[{"embeddable":true,"href":"https:\/\/www.afaprogres.cat\/web\/wp-json\/wp\/v2\/media\/8998"}],"wp:attachment":[{"href":"https:\/\/www.afaprogres.cat\/web\/wp-json\/wp\/v2\/media?parent=8996"}],"wp:term":[{"taxonomy":"category","embeddable":true,"href":"https:\/\/www.afaprogres.cat\/web\/wp-json\/wp\/v2\/categories?post=8996"},{"taxonomy":"post_tag","embeddable":true,"href":"https:\/\/www.afaprogres.cat\/web\/wp-json\/wp\/v2\/tags?post=8996"}],"curies":[{"name":"wp","href":"https:\/\/api.w.org\/{rel}","templated":true}]}}