{"id":8985,"date":"2021-02-09T12:54:14","date_gmt":"2021-02-09T11:54:14","guid":{"rendered":"https:\/\/www.afaprogres.cat\/web\/?p=8985"},"modified":"2021-02-09T12:56:53","modified_gmt":"2021-02-09T11:56:53","slug":"tallem-el-carrer-dindustria-per-demanar-uns-carrers-mes-segurs","status":"publish","type":"post","link":"https:\/\/www.afaprogres.cat\/web\/tallem-el-carrer-dindustria-per-demanar-uns-carrers-mes-segurs\/","title":{"rendered":"Tallem el carrer d&#8217;Ind\u00fastria per demanar uns carrers m\u00e9s segurs!"},"content":{"rendered":"\n<p>Aquest divendres dia 12 ens tornem a mobilitzar i ens sumem a la RevoltaEscolar per demanar uns carrers m\u00e9s segurs al voltant de l&#8217;escola. Aquest cop, tallem el carrer d&#8217;Ind\u00fastria amb Provid\u00e8ncia, davant de l&#8217;escola.<\/p>\n\n\n\n<p>L&#8217;objectiu \u00e9s exigir uns entorns escolars m\u00e9s segurs i m\u00e9s pacificats, amb menys cotxes, menys sorolls i menys contaminaci\u00f3. L&#8217;institut La Llauna se suma a la nostra concentraci\u00f3<\/p>\n\n\n\n<p>L&#8217;acci\u00f3 reivindicativa comen\u00e7ar\u00e0 a les 16.30 h i durar\u00e0 30 minuts. Simult\u00e0niament, aquesta protesta es fa en 61 centres educatius de Barcelona, Sabadell i Badalona.<\/p>\n\n\n\n<p>Ser\u00e0 una reivindicaci\u00f3 festiva, que far\u00e0 visible que el carrer tamb\u00e9 pot ser un espai de joc i de gaudi per als nens i nenes. Podem portar-hi pilotes i altres jocs. La Vocalia de Gegants tamb\u00e9 se suma a la festa-protesta, i portar\u00e0 els dofins de l&#8217;escola.<\/p>\n\n\n\n<p>L&#8217;acci\u00f3 de protesta davant de la nostra escola est\u00e0 organitzada per la Vocalia de Mobilitat, que fa una feina intensa per aconseguir que l&#8217;entorn de l&#8217;escola sigui un espai segur per a totes les fam\u00edlies. En aquest enlla\u00e7 hi ha m\u00e9s informaci\u00f3 sobre les actuacions que est\u00e0 portant a terme:<\/p>\n\n\n\n<p><a href=\"https:\/\/www.afaprogres.cat\/web\/balanc-de-les-actuacions-de-la-vocalia-de-mobilitat\/\">https:\/\/www.afaprogres.cat\/web\/balanc-de-les-actuacions-de-la-vocalia-de-mobilitat\/<\/a><\/p>\n\n\n\n<p>Us esperem el divendres! Com m\u00e9s siguem, amb m\u00e9s for\u00e7a arribar\u00e0 el nostre missatge a les administracions. Els nostres fills i filles es mereixen un entorn escolar segur i tranquil, pacificat i sense fums.<\/p>\n\n\n\n<p>Per protegir-nos, portarem mascareta i mantindrem la dist\u00e0ncia de seguretat de 2 metres.<\/p>\n\n\n\n<div class=\"wp-block-image\"><figure class=\"aligncenter size-large\"><img loading=\"lazy\" decoding=\"async\" width=\"724\" height=\"1024\" src=\"https:\/\/f000.backblazeb2.com\/file\/AFAPROGRES\/entorn-escolar-segur-724x1024.jpeg\" alt=\"\" class=\"wp-image-8986\" srcset=\"https:\/\/www.afaprogres.cat\/web\/wp-content\/uploads\/entorn-escolar-segur-724x1024.jpeg 724w, https:\/\/www.afaprogres.cat\/web\/wp-content\/uploads\/entorn-escolar-segur-212x300.jpeg 212w, https:\/\/www.afaprogres.cat\/web\/wp-content\/uploads\/entorn-escolar-segur-768x1086.jpeg 768w, https:\/\/www.afaprogres.cat\/web\/wp-content\/uploads\/entorn-escolar-segur.jpeg 1131w\" sizes=\"auto, (max-width: 724px) 100vw, 724px\" \/><\/figure><\/div>\n","protected":false},"excerpt":{"rendered":"<p>Aquest divendres dia 12 ens tornem a mobilitzar i ens sumem a la RevoltaEscolar per demanar uns carrers m\u00e9s segurs al voltant de l&#8217;escola. Aquest cop, tallem el carrer d&#8217;Ind\u00fastria amb Provid\u00e8ncia, davant de l&#8217;escola. L&#8217;objectiu \u00e9s exigir uns entorns&#8230;<\/p>\n","protected":false},"author":9,"featured_media":8986,"comment_status":"open","ping_status":"closed","sticky":false,"template":"","format":"standard","meta":{"footnotes":""},"categories":[133,13],"tags":[],"class_list":["post-8985","post","type-post","status-publish","format-standard","has-post-thumbnail","hentry","category-mobilitat","category-noticies"],"post_mailing_queue_ids":[],"_links":{"self":[{"href":"https:\/\/www.afaprogres.cat\/web\/wp-json\/wp\/v2\/posts\/8985","targetHints":{"allow":["GET"]}}],"collection":[{"href":"https:\/\/www.afaprogres.cat\/web\/wp-json\/wp\/v2\/posts"}],"about":[{"href":"https:\/\/www.afaprogres.cat\/web\/wp-json\/wp\/v2\/types\/post"}],"author":[{"embeddable":true,"href":"https:\/\/www.afaprogres.cat\/web\/wp-json\/wp\/v2\/users\/9"}],"replies":[{"embeddable":true,"href":"https:\/\/www.afaprogres.cat\/web\/wp-json\/wp\/v2\/comments?post=8985"}],"version-history":[{"count":1,"href":"https:\/\/www.afaprogres.cat\/web\/wp-json\/wp\/v2\/posts\/8985\/revisions"}],"predecessor-version":[{"id":8987,"href":"https:\/\/www.afaprogres.cat\/web\/wp-json\/wp\/v2\/posts\/8985\/revisions\/8987"}],"wp:featuredmedia":[{"embeddable":true,"href":"https:\/\/www.afaprogres.cat\/web\/wp-json\/wp\/v2\/media\/8986"}],"wp:attachment":[{"href":"https:\/\/www.afaprogres.cat\/web\/wp-json\/wp\/v2\/media?parent=8985"}],"wp:term":[{"taxonomy":"category","embeddable":true,"href":"https:\/\/www.afaprogres.cat\/web\/wp-json\/wp\/v2\/categories?post=8985"},{"taxonomy":"post_tag","embeddable":true,"href":"https:\/\/www.afaprogres.cat\/web\/wp-json\/wp\/v2\/tags?post=8985"}],"curies":[{"name":"wp","href":"https:\/\/api.w.org\/{rel}","templated":true}]}}