{"id":8913,"date":"2020-12-09T17:08:09","date_gmt":"2020-12-09T16:08:09","guid":{"rendered":"https:\/\/www.afaprogres.cat\/web\/?p=8913"},"modified":"2020-12-09T17:10:18","modified_gmt":"2020-12-09T16:10:18","slug":"2018-planols-i-enquesta","status":"publish","type":"post","link":"https:\/\/www.afaprogres.cat\/web\/2018-planols-i-enquesta\/","title":{"rendered":"2018 &#8212; Pl\u00e0nols i enquesta"},"content":{"rendered":"\n<p>En el mes d&#8217;abril del 2018, l&#8217;Ajuntament va prendre dues altres iniciatives per a recollir dades de suport al disseny del cam\u00ed escolar.<\/p>\n\n\n\n<ol><li>Va demanar a les fam\u00edlies de les escoles adherides al projecte de dibuixar en un pl\u00e0nol el seu recorregut habitual entre casa seva i l&#8217;escola. Direcci\u00f3 i AMPA es van encarregar d&#8217;organitzar la tasca i, gr\u00e0cies a la implicaci\u00f3 dels nostres mestres, el Progr\u00e9s va ser l&#8217;escola on m\u00e9s pl\u00e0nols es van recollir: 185. Aquest material est\u00e0 en possessi\u00f3 de l&#8217;Ajuntament.<\/li>\n<li>Q\u00fcestionari telem\u00e0tic sobre els h\u00e0bits de mobilitat en el recorregut dels infants a l&#8217;escola.<\/li><\/ol>\n\n\n\n<p><\/p>\n\n\n\n<p>Ajuntament de Badalona<\/p>\n\n\n\n<p>El q\u00fcestionari encara es pot visitar online a <a href=\"https:\/\/goo.gl\/forms\/i2u4e3nO5Q6B9SMD2\">https:\/\/goo.gl\/forms\/i2u4e3nO5Q6B9SMD2<\/a><\/p>\n","protected":false},"excerpt":{"rendered":"<p>En el mes d&#8217;abril del 2018, l&#8217;Ajuntament va prendre dues altres iniciatives per a recollir dades de suport al disseny del cam\u00ed escolar. Va demanar a les fam\u00edlies de les escoles adherides al projecte de dibuixar en un pl\u00e0nol el&#8230;<\/p>\n","protected":false},"author":9,"featured_media":8908,"comment_status":"open","ping_status":"closed","sticky":false,"template":"","format":"standard","meta":{"footnotes":""},"categories":[133],"tags":[],"class_list":["post-8913","post","type-post","status-publish","format-standard","has-post-thumbnail","hentry","category-mobilitat"],"post_mailing_queue_ids":[],"_links":{"self":[{"href":"https:\/\/www.afaprogres.cat\/web\/wp-json\/wp\/v2\/posts\/8913","targetHints":{"allow":["GET"]}}],"collection":[{"href":"https:\/\/www.afaprogres.cat\/web\/wp-json\/wp\/v2\/posts"}],"about":[{"href":"https:\/\/www.afaprogres.cat\/web\/wp-json\/wp\/v2\/types\/post"}],"author":[{"embeddable":true,"href":"https:\/\/www.afaprogres.cat\/web\/wp-json\/wp\/v2\/users\/9"}],"replies":[{"embeddable":true,"href":"https:\/\/www.afaprogres.cat\/web\/wp-json\/wp\/v2\/comments?post=8913"}],"version-history":[{"count":3,"href":"https:\/\/www.afaprogres.cat\/web\/wp-json\/wp\/v2\/posts\/8913\/revisions"}],"predecessor-version":[{"id":8932,"href":"https:\/\/www.afaprogres.cat\/web\/wp-json\/wp\/v2\/posts\/8913\/revisions\/8932"}],"wp:featuredmedia":[{"embeddable":true,"href":"https:\/\/www.afaprogres.cat\/web\/wp-json\/wp\/v2\/media\/8908"}],"wp:attachment":[{"href":"https:\/\/www.afaprogres.cat\/web\/wp-json\/wp\/v2\/media?parent=8913"}],"wp:term":[{"taxonomy":"category","embeddable":true,"href":"https:\/\/www.afaprogres.cat\/web\/wp-json\/wp\/v2\/categories?post=8913"},{"taxonomy":"post_tag","embeddable":true,"href":"https:\/\/www.afaprogres.cat\/web\/wp-json\/wp\/v2\/tags?post=8913"}],"curies":[{"name":"wp","href":"https:\/\/api.w.org\/{rel}","templated":true}]}}