{"id":8905,"date":"2020-12-09T17:09:17","date_gmt":"2020-12-09T16:09:17","guid":{"rendered":"https:\/\/www.afaprogres.cat\/web\/?p=8905"},"modified":"2021-12-16T12:31:20","modified_gmt":"2021-12-16T11:31:20","slug":"2020-resultats-enquesta-camins","status":"publish","type":"post","link":"https:\/\/www.afaprogres.cat\/web\/2020-resultats-enquesta-camins\/","title":{"rendered":"2020 &#8212; Resultats Enquesta Camins"},"content":{"rendered":"\n<p>\u00c9s un document que presenta els resultats de la enquesta encarregada per l&#8217;Ajuntament per a avaluar el Cam\u00ed Escolar de la nostra zona. AMPA i direcci\u00f3 es van encarregar de dur a terme l&#8217;enquesta en febrer del 2020. Aquest document recull les respostes de les fam\u00edlies, organitzades per cursos (1er, 2on, etc).<\/p>\n\n\n\n<p><a href=\"https:\/\/f000.backblazeb2.com\/file\/AFAPROGRES\/2020-Resultats-Enquesta-Camins.pdf\" target=\"_blank\" rel=\"noreferrer noopener\">Veure document<\/a><\/p>\n","protected":false},"excerpt":{"rendered":"<p>\u00c9s un document que presenta els resultats de la enquesta encarregada per l&#8217;Ajuntament per a avaluar el Cam\u00ed Escolar de la nostra zona. AMPA i direcci\u00f3 es van encarregar de dur a terme l&#8217;enquesta en febrer del 2020. Aquest document&#8230;<\/p>\n","protected":false},"author":9,"featured_media":8909,"comment_status":"open","ping_status":"closed","sticky":false,"template":"","format":"standard","meta":{"footnotes":""},"categories":[133],"tags":[],"class_list":["post-8905","post","type-post","status-publish","format-standard","has-post-thumbnail","hentry","category-mobilitat"],"post_mailing_queue_ids":[],"_links":{"self":[{"href":"https:\/\/www.afaprogres.cat\/web\/wp-json\/wp\/v2\/posts\/8905","targetHints":{"allow":["GET"]}}],"collection":[{"href":"https:\/\/www.afaprogres.cat\/web\/wp-json\/wp\/v2\/posts"}],"about":[{"href":"https:\/\/www.afaprogres.cat\/web\/wp-json\/wp\/v2\/types\/post"}],"author":[{"embeddable":true,"href":"https:\/\/www.afaprogres.cat\/web\/wp-json\/wp\/v2\/users\/9"}],"replies":[{"embeddable":true,"href":"https:\/\/www.afaprogres.cat\/web\/wp-json\/wp\/v2\/comments?post=8905"}],"version-history":[{"count":4,"href":"https:\/\/www.afaprogres.cat\/web\/wp-json\/wp\/v2\/posts\/8905\/revisions"}],"predecessor-version":[{"id":9468,"href":"https:\/\/www.afaprogres.cat\/web\/wp-json\/wp\/v2\/posts\/8905\/revisions\/9468"}],"wp:featuredmedia":[{"embeddable":true,"href":"https:\/\/www.afaprogres.cat\/web\/wp-json\/wp\/v2\/media\/8909"}],"wp:attachment":[{"href":"https:\/\/www.afaprogres.cat\/web\/wp-json\/wp\/v2\/media?parent=8905"}],"wp:term":[{"taxonomy":"category","embeddable":true,"href":"https:\/\/www.afaprogres.cat\/web\/wp-json\/wp\/v2\/categories?post=8905"},{"taxonomy":"post_tag","embeddable":true,"href":"https:\/\/www.afaprogres.cat\/web\/wp-json\/wp\/v2\/tags?post=8905"}],"curies":[{"name":"wp","href":"https:\/\/api.w.org\/{rel}","templated":true}]}}