{"id":8893,"date":"2020-12-03T20:23:37","date_gmt":"2020-12-03T19:23:37","guid":{"rendered":"https:\/\/www.afaprogres.cat\/web\/?p=8893"},"modified":"2020-12-03T20:24:38","modified_gmt":"2020-12-03T19:24:38","slug":"avui-es-el-dia-internacional-de-les-persones-amb-discapacitat","status":"publish","type":"post","link":"https:\/\/www.afaprogres.cat\/web\/avui-es-el-dia-internacional-de-les-persones-amb-discapacitat\/","title":{"rendered":"Avui \u00e9s el Dia Internacional de les Persones amb Discapacitat"},"content":{"rendered":"\n<p>Avui 3 de desembre \u00e9s el Dia Internacional de les Persones amb Discapacitat. I des de la Vocalia d&#8217;Inclusi\u00f3 ens recorden que els drets de les persones amb diversitat funcional han de ser reconegudes i respectades en tots els \u00e0mbits de la vida: l&#8217;educaci\u00f3, la cultura, l&#8217;urbanisme, el comer\u00e7\u2026<\/p>\n\n\n\n<p>Les persones amb discapacitat no s\u00f3n invisibles. Dies com avui ens ajuden a recordar-ho i a prendre&#8217;n consci\u00e8ncia. Per\u00f2 la sensibilitzaci\u00f3 \u00e9s una feina de cada dia. Cada granet de sorra compta i suma.<\/p>\n\n\n\n<p>\u00a0\u201cConeix-me per les meves habilitats, no per les meves discapacitats&#8221;.<\/p>\n\n\n\n<p>Robert M. Hensel<\/p>\n\n\n\n<p><\/p>\n\n\n\n<p><\/p>\n","protected":false},"excerpt":{"rendered":"<p>Avui 3 de desembre \u00e9s el Dia Internacional de les Persones amb Discapacitat. I des de la Vocalia d&#8217;Inclusi\u00f3 ens recorden que els drets de les persones amb diversitat funcional han de ser reconegudes i respectades en tots els \u00e0mbits&#8230;<\/p>\n","protected":false},"author":9,"featured_media":8894,"comment_status":"open","ping_status":"closed","sticky":false,"template":"","format":"standard","meta":{"footnotes":""},"categories":[132,13],"tags":[],"class_list":["post-8893","post","type-post","status-publish","format-standard","has-post-thumbnail","hentry","category-inclusio","category-noticies"],"post_mailing_queue_ids":[],"_links":{"self":[{"href":"https:\/\/www.afaprogres.cat\/web\/wp-json\/wp\/v2\/posts\/8893","targetHints":{"allow":["GET"]}}],"collection":[{"href":"https:\/\/www.afaprogres.cat\/web\/wp-json\/wp\/v2\/posts"}],"about":[{"href":"https:\/\/www.afaprogres.cat\/web\/wp-json\/wp\/v2\/types\/post"}],"author":[{"embeddable":true,"href":"https:\/\/www.afaprogres.cat\/web\/wp-json\/wp\/v2\/users\/9"}],"replies":[{"embeddable":true,"href":"https:\/\/www.afaprogres.cat\/web\/wp-json\/wp\/v2\/comments?post=8893"}],"version-history":[{"count":2,"href":"https:\/\/www.afaprogres.cat\/web\/wp-json\/wp\/v2\/posts\/8893\/revisions"}],"predecessor-version":[{"id":8896,"href":"https:\/\/www.afaprogres.cat\/web\/wp-json\/wp\/v2\/posts\/8893\/revisions\/8896"}],"wp:featuredmedia":[{"embeddable":true,"href":"https:\/\/www.afaprogres.cat\/web\/wp-json\/wp\/v2\/media\/8894"}],"wp:attachment":[{"href":"https:\/\/www.afaprogres.cat\/web\/wp-json\/wp\/v2\/media?parent=8893"}],"wp:term":[{"taxonomy":"category","embeddable":true,"href":"https:\/\/www.afaprogres.cat\/web\/wp-json\/wp\/v2\/categories?post=8893"},{"taxonomy":"post_tag","embeddable":true,"href":"https:\/\/www.afaprogres.cat\/web\/wp-json\/wp\/v2\/tags?post=8893"}],"curies":[{"name":"wp","href":"https:\/\/api.w.org\/{rel}","templated":true}]}}