{"id":8681,"date":"2020-10-17T13:50:29","date_gmt":"2020-10-17T11:50:29","guid":{"rendered":"https:\/\/www.afaprogres.cat\/web\/?p=8681"},"modified":"2020-11-02T20:35:04","modified_gmt":"2020-11-02T19:35:04","slug":"tenim-noves-presidenta-secretaria-i-tresorera-i-noves-vocalies","status":"publish","type":"post","link":"https:\/\/www.afaprogres.cat\/web\/tenim-noves-presidenta-secretaria-i-tresorera-i-noves-vocalies\/","title":{"rendered":"Tenim noves presidenta, secret\u00e0ria i tresorera, i noves vocalies!"},"content":{"rendered":"<p>En l&#8217;Assemblea de l&#8217;AFA celebrada el 15 d&#8217;octubre es van aprovar els relleus en els c\u00e0rrecs de presid\u00e8ncia, secretaria i tresoreria, que ara assumeixen Elisenda Bofill, Maria Jos\u00e9 Gr\u00e0cia i Ana Espinosa, respectivament.<\/p>\n<p>L&#8217;Elisenda, que fins ara era la secret\u00e0ria de l&#8217;AFA, substitueix en el c\u00e0rrec l&#8217;Eva Ort\u00ed, i l&#8217;Ana agafa el relleu de la Merc\u00e8 Revilla. Aprofitem per donar les gr\u00e0cies a l&#8217;Eva i la Merc\u00e8 per la seva gran feina, implicaci\u00f3, entusiasme i somriures permanents aquests anys. Ha estat un plaer tenir-vos al comandament del vaixell.<\/p>\n<p>A l&#8217;Assemblea tamb\u00e9 es va aprovar la creaci\u00f3 de dues noves vocalies, Inclusi\u00f3 i Mobilitat, la recuperaci\u00f3 de la Vocalia de Gegants i la creaci\u00f3 de la comissi\u00f3 de la Jornada Cont\u00ednua, que es recopilar\u00e0 informaci\u00f3 i organitzar\u00e0 xerrades informatives sobre aquest tema.<\/p>\n<p>Marina Buil \u00e9s al capdavant de la <a href=\"https:\/\/www.afaprogres.cat\/web\/inclusio\/\">Vocalia d&#8217;Inclusi\u00f3<\/a>, que treballar\u00e0 preveure les necessitats dels infants i garantir-ne l&#8217;acc\u00e9s a per activitats organitzades per la comunitat educativa (menjador, activitats esportives, sortides, etc.).<\/p>\n<p>Elena Escolar \u00e9s la vocal de <a href=\"https:\/\/www.afaprogres.cat\/web\/mobilitat\/\">Mobilitat<\/a>, que, entre altres accions, reivindicar\u00e0 la pacificaci\u00f3 del tr\u00e0nsit al voltant de l&#8217;escola i defensar\u00e0 la millora dels actuals Camins Escolars.<\/p>\n<p>Mireia Marb\u00e0 \u00e9s la vocal de <a href=\"https:\/\/www.afaprogres.cat\/web\/gegants\/\">Gegants<\/a>, que far\u00e0 que els gegants i els capgrossos de l&#8217;escola tornin a ballar a les festes de la ciutat.<\/p>\n","protected":false},"excerpt":{"rendered":"<p>En l&#8217;Assemblea de l&#8217;AFA celebrada el 15 d&#8217;octubre es van aprovar els relleus en els c\u00e0rrecs de presid\u00e8ncia, secretaria i tresoreria, que ara assumeixen Elisenda Bofill, Maria Jos\u00e9 Gr\u00e0cia i Ana Espinosa, respectivament. L&#8217;Elisenda, que fins ara era la secret\u00e0ria&#8230;<\/p>\n","protected":false},"author":9,"featured_media":8713,"comment_status":"open","ping_status":"closed","sticky":false,"template":"","format":"standard","meta":{"footnotes":""},"categories":[13],"tags":[],"class_list":["post-8681","post","type-post","status-publish","format-standard","has-post-thumbnail","hentry","category-noticies"],"post_mailing_queue_ids":[],"_links":{"self":[{"href":"https:\/\/www.afaprogres.cat\/web\/wp-json\/wp\/v2\/posts\/8681","targetHints":{"allow":["GET"]}}],"collection":[{"href":"https:\/\/www.afaprogres.cat\/web\/wp-json\/wp\/v2\/posts"}],"about":[{"href":"https:\/\/www.afaprogres.cat\/web\/wp-json\/wp\/v2\/types\/post"}],"author":[{"embeddable":true,"href":"https:\/\/www.afaprogres.cat\/web\/wp-json\/wp\/v2\/users\/9"}],"replies":[{"embeddable":true,"href":"https:\/\/www.afaprogres.cat\/web\/wp-json\/wp\/v2\/comments?post=8681"}],"version-history":[{"count":1,"href":"https:\/\/www.afaprogres.cat\/web\/wp-json\/wp\/v2\/posts\/8681\/revisions"}],"predecessor-version":[{"id":8683,"href":"https:\/\/www.afaprogres.cat\/web\/wp-json\/wp\/v2\/posts\/8681\/revisions\/8683"}],"wp:featuredmedia":[{"embeddable":true,"href":"https:\/\/www.afaprogres.cat\/web\/wp-json\/wp\/v2\/media\/8713"}],"wp:attachment":[{"href":"https:\/\/www.afaprogres.cat\/web\/wp-json\/wp\/v2\/media?parent=8681"}],"wp:term":[{"taxonomy":"category","embeddable":true,"href":"https:\/\/www.afaprogres.cat\/web\/wp-json\/wp\/v2\/categories?post=8681"},{"taxonomy":"post_tag","embeddable":true,"href":"https:\/\/www.afaprogres.cat\/web\/wp-json\/wp\/v2\/tags?post=8681"}],"curies":[{"name":"wp","href":"https:\/\/api.w.org\/{rel}","templated":true}]}}