{"id":8448,"date":"2019-12-03T13:01:30","date_gmt":"2019-12-03T12:01:30","guid":{"rendered":"https:\/\/www.afaprogres.cat\/?p=8448"},"modified":"2019-12-03T13:01:30","modified_gmt":"2019-12-03T12:01:30","slug":"resum-de-lassemblea-de-lampa-15-11-2019","status":"publish","type":"post","link":"https:\/\/www.afaprogres.cat\/web\/resum-de-lassemblea-de-lampa-15-11-2019\/","title":{"rendered":"Resum de l&#8217;Assemblea de l&#8217;AMPA (15\/11\/2019)"},"content":{"rendered":"<p><strong>1. Presentaci\u00f3 i aprovaci\u00f3 del tancament econ\u00f2mic del curs 2018-2019.<\/strong> Merc\u00e8 Revilla, tresorera de l&#8217;AMPA, explica el pressupost del curs passat, en qu\u00e8 s\u2019havia demanat contenci\u00f3 perqu\u00e8 el curs anterior l&#8217;Assemblea de l&#8217;AMPA va decidir invertir molt diners a l\u2019escola, a l\u2019aula de ci\u00e8ncia i el forn de la cuina. El saldo del curs passat \u00e9s positiu, i s\u2019aprova per unanimitat.<\/p>\n<p><strong>2. Presentaci\u00f3 i aprovaci\u00f3 del pressupost de l\u2019AMPA per al curs 2019-2020.<\/strong> Merc\u00e8 Revilla presenta el pressupost per a aquest any amb una previsi\u00f3 dels ingressos (que provenen b\u00e0sicament de la quota de les fam\u00edlies) i de les despeses. A nivell de despeses, l&#8217;AMPA est\u00e0 pendent de la demanda presentada per les treballadores del menjador que podria suposar un pagament de 20.000 euros. El judici se celebrar\u00e0 al gener. En cas que s&#8217;hagu\u00e9s de pagar, els diners sortirien del romanent de cursos anteriors. El pressupost presentat s\u2019aprova per unanimitat.<\/p>\n<p><strong>3. Torn obert de paraula.<\/strong> Alexandre Bello, vocal del Biblioespai, comenta que aquest curs es fa servir a l&#8217;escola una editorial que funciona a trav\u00e9s d\u2019una aplicaci\u00f3 o web a la qual s\u2019accedeix amb un codi que nom\u00e9s funciona per a un curs. En lloc de fer servir un llibre reaprofitable es fa servir un codi que no es pot reaprofitar. \u00c9s un tema a tenir en compte de cara al Llibre Verd els propers anys, perqu\u00e8 precisament la filosofia del Llibre Verd \u00e9s el reaprofitament dels recursos.<\/p>\n<p>Eva Ort\u00ed, presidenta de l&#8217;AMPA, explicar la demanda que les treballadores del menjador han interposat a l&#8217;AMPA i l&#8217;empresa \u00c0mbit pel pagament dels mesos de juliol i agost del 2018 que l&#8217;empresa anterior del menjador, Bernet Progr\u00e9s, no va assumir perqu\u00e8 s&#8217;ha declarat insolvent. El judici se celebrar\u00e0 el 16 de gener.<\/p>\n<p>Merc\u00e8 Revilla comenta que aquest curs deixar\u00e0 la tresoreria i li agradaria fer un trasp\u00e0s endre\u00e7at aquest curs, per aix\u00f2 demana alguna persona volunt\u00e0ria que se&#8217;n vulgui fer c\u00e0rrec.<\/p>\n<p>Un pare explica que des de P3 hi ha demanda de fer casal el mes d\u2019agost. Planteja si seria possible fer-ho. Eva Ort\u00ed respon que s\u2019ha de sondejar la possibilitat amb l\u2019empresa que organitza el casal i que tamb\u00e9 dep\u00e8n de la demanda real que hi hagi. S&#8217;acorda que la proposta es valorar\u00e0 i es treballar\u00e0.<\/p>\n","protected":false},"excerpt":{"rendered":"<p>1. Presentaci\u00f3 i aprovaci\u00f3 del tancament econ\u00f2mic del curs 2018-2019. Merc\u00e8 Revilla, tresorera de l&#8217;AMPA, explica el pressupost del curs passat, en qu\u00e8 s\u2019havia demanat contenci\u00f3 perqu\u00e8 el curs anterior l&#8217;Assemblea de l&#8217;AMPA va decidir invertir molt diners a l\u2019escola,&#8230;<\/p>\n","protected":false},"author":9,"featured_media":0,"comment_status":"open","ping_status":"closed","sticky":false,"template":"","format":"standard","meta":{"footnotes":""},"categories":[96],"tags":[],"class_list":["post-8448","post","type-post","status-publish","format-standard","hentry","category-resum-juntes"],"post_mailing_queue_ids":[],"_links":{"self":[{"href":"https:\/\/www.afaprogres.cat\/web\/wp-json\/wp\/v2\/posts\/8448","targetHints":{"allow":["GET"]}}],"collection":[{"href":"https:\/\/www.afaprogres.cat\/web\/wp-json\/wp\/v2\/posts"}],"about":[{"href":"https:\/\/www.afaprogres.cat\/web\/wp-json\/wp\/v2\/types\/post"}],"author":[{"embeddable":true,"href":"https:\/\/www.afaprogres.cat\/web\/wp-json\/wp\/v2\/users\/9"}],"replies":[{"embeddable":true,"href":"https:\/\/www.afaprogres.cat\/web\/wp-json\/wp\/v2\/comments?post=8448"}],"version-history":[{"count":1,"href":"https:\/\/www.afaprogres.cat\/web\/wp-json\/wp\/v2\/posts\/8448\/revisions"}],"predecessor-version":[{"id":8450,"href":"https:\/\/www.afaprogres.cat\/web\/wp-json\/wp\/v2\/posts\/8448\/revisions\/8450"}],"wp:attachment":[{"href":"https:\/\/www.afaprogres.cat\/web\/wp-json\/wp\/v2\/media?parent=8448"}],"wp:term":[{"taxonomy":"category","embeddable":true,"href":"https:\/\/www.afaprogres.cat\/web\/wp-json\/wp\/v2\/categories?post=8448"},{"taxonomy":"post_tag","embeddable":true,"href":"https:\/\/www.afaprogres.cat\/web\/wp-json\/wp\/v2\/tags?post=8448"}],"curies":[{"name":"wp","href":"https:\/\/api.w.org\/{rel}","templated":true}]}}