{"id":8441,"date":"2019-11-13T17:56:43","date_gmt":"2019-11-13T16:56:43","guid":{"rendered":"https:\/\/www.afaprogres.cat\/?p=8441"},"modified":"2019-11-13T17:56:43","modified_gmt":"2019-11-13T16:56:43","slug":"resum-de-la-reunio-de-la-junta-de-lampa-22-10-19","status":"publish","type":"post","link":"https:\/\/www.afaprogres.cat\/web\/resum-de-la-reunio-de-la-junta-de-lampa-22-10-19\/","title":{"rendered":"Resum de la reuni\u00f3 de la Junta de l&#8217;AMPA (22\/10\/19)"},"content":{"rendered":"<p><strong>1. Tancament econ\u00f2mic de l&#8217;AMPA del curs 2018-19.<\/strong> Merc\u00e8 Revilla, tresorera de l&#8217;AMPA, explica com han quedat els comptes finals de l&#8217;AMPA del curs 2018-19. Estava pressupostat un benefici de 5.000\u20ac i finalment \u00e9s de 12.000\u20ac, entre subvencions rebudes i despeses que finalment no s&#8217;han realitzat. A falta d&#8217;acabar de polir-ne alguns detalls, els n\u00fameros finals es presentaran davant l&#8217;Assemblea del 15 de novembre per a la seva aprovaci\u00f3, si s&#8217;escau.<\/p>\n<p><strong>2. Presentaci\u00f3 del pressupost de l&#8217;AMPA per a aquest curs 2019-20.<\/strong> Merc\u00e8 Revilla presenta una proposta de pressupost per a l&#8217;AMPA per al curs 2019-20, una proposta que es basa en la contenci\u00f3 de les despeses. Es preveuen uns ingressos de 59.895\u20ac i unes despeses de 59.520\u20ac. A falta d&#8217;acabar de polir-ne alguns detalls, els n\u00fameros finals es presentaran davant l&#8217;Assemblea del 15 de novembre per a la seva aprovaci\u00f3, si s&#8217;escau.<\/p>\n<p><strong>3. Inclusi\u00f3: qu\u00e8 es pot oferir avui des de l&#8217;AMPA.<\/strong> Es recorda que les empreses que ofereixen les activitats extraescolars han de garantir per llei que tots els i les alumnes de l&#8217;escola puguin fer activitats extraescolars i casals, independentment de les necessitats especials que tinguin. Si aix\u00f2 significa que necessiten un vetllador, s&#8217;ha de garantir aquest servei, que no hauria de suposar cap c\u00e0rrec extra per a les fam\u00edlies. Es planteja crear la Comissi\u00f3 d&#8217;Inclusi\u00f3 dins de la Vocalia de Fam\u00edlies, i es far\u00e0 una crida per saber quins alumnes de l&#8217;escola tenen necessitats especials i, a partir d&#8217;aqu\u00ed, estudiar accions concretes.<\/p>\n<p><strong>4. Debat sobre si l&#8217;AMPA s&#8217;ha de posicionar davant dels esdeveniments actuals.<\/strong><br \/>\nEs decideix que, quan es produeixi un nou esdeveniment, es convoqui la Junta de manera extraordin\u00e0ria perqu\u00e8 es debati i es voti si l&#8217;AMPA en fa un posicionament. En cas que es decideixi que s\u00ed, aquest posicionament ser\u00e0 sempre el m\u00e9s aglutinador possible, tot respectant les diferents sensibilitats que hi ha entre les fam\u00edlies. Es valora que es podria fer un posicionament sobre el di\u00e0leg, la toler\u00e0ncia i el respecte com a eines de resoluci\u00f3 de conflictes.<\/p>\n","protected":false},"excerpt":{"rendered":"<p>1. Tancament econ\u00f2mic de l&#8217;AMPA del curs 2018-19. Merc\u00e8 Revilla, tresorera de l&#8217;AMPA, explica com han quedat els comptes finals de l&#8217;AMPA del curs 2018-19. Estava pressupostat un benefici de 5.000\u20ac i finalment \u00e9s de 12.000\u20ac, entre subvencions rebudes i&#8230;<\/p>\n","protected":false},"author":9,"featured_media":0,"comment_status":"open","ping_status":"closed","sticky":false,"template":"","format":"standard","meta":{"footnotes":""},"categories":[96],"tags":[],"class_list":["post-8441","post","type-post","status-publish","format-standard","hentry","category-resum-juntes"],"post_mailing_queue_ids":[],"_links":{"self":[{"href":"https:\/\/www.afaprogres.cat\/web\/wp-json\/wp\/v2\/posts\/8441","targetHints":{"allow":["GET"]}}],"collection":[{"href":"https:\/\/www.afaprogres.cat\/web\/wp-json\/wp\/v2\/posts"}],"about":[{"href":"https:\/\/www.afaprogres.cat\/web\/wp-json\/wp\/v2\/types\/post"}],"author":[{"embeddable":true,"href":"https:\/\/www.afaprogres.cat\/web\/wp-json\/wp\/v2\/users\/9"}],"replies":[{"embeddable":true,"href":"https:\/\/www.afaprogres.cat\/web\/wp-json\/wp\/v2\/comments?post=8441"}],"version-history":[{"count":1,"href":"https:\/\/www.afaprogres.cat\/web\/wp-json\/wp\/v2\/posts\/8441\/revisions"}],"predecessor-version":[{"id":8443,"href":"https:\/\/www.afaprogres.cat\/web\/wp-json\/wp\/v2\/posts\/8441\/revisions\/8443"}],"wp:attachment":[{"href":"https:\/\/www.afaprogres.cat\/web\/wp-json\/wp\/v2\/media?parent=8441"}],"wp:term":[{"taxonomy":"category","embeddable":true,"href":"https:\/\/www.afaprogres.cat\/web\/wp-json\/wp\/v2\/categories?post=8441"},{"taxonomy":"post_tag","embeddable":true,"href":"https:\/\/www.afaprogres.cat\/web\/wp-json\/wp\/v2\/tags?post=8441"}],"curies":[{"name":"wp","href":"https:\/\/api.w.org\/{rel}","templated":true}]}}