{"id":8423,"date":"2019-10-13T23:40:31","date_gmt":"2019-10-13T21:40:31","guid":{"rendered":"https:\/\/www.afaprogres.cat\/?p=8423"},"modified":"2019-10-13T23:40:31","modified_gmt":"2019-10-13T21:40:31","slug":"reunions-informatives-del-servei-de-menjador","status":"publish","type":"post","link":"https:\/\/www.afaprogres.cat\/web\/reunions-informatives-del-servei-de-menjador\/","title":{"rendered":"Reunions informatives del servei de menjador"},"content":{"rendered":"<p>Us informem que hi ha programades dues reunions informatives del menjador. L&#8217;empresa \u00c0mbit Escola, que gestiona el servei de menjador, hi explicar\u00e0 els objectius del curs i els men\u00fas.<\/p>\n<p>Aquestes s\u00f3n les dates de les reunions:<\/p>\n<p><strong>Infantil:<\/strong> dimarts 22 d&#8217;octubre, a les 16.45 h, al menjador.<\/p>\n<p><strong>Prim\u00e0ria:<\/strong> dijous 24 d&#8217;octubre, a les 16.45 h, al menjador.<\/p>\n<p>Aquest any es fan dues reunions perqu\u00e8 entenem que els interessos i els dubtes de les fam\u00edlies s\u00f3n diferents en cada etapa.<\/p>\n<p>Hi haur\u00e0 servei de canguratge per a les dues reunions.<\/p>\n<p>Si teniu qualsevol dubte, envieu un correu a menjador@afaprogres.cat.<\/p>\n<p><strong>Vocalia de Menjador<\/strong><\/p>\n","protected":false},"excerpt":{"rendered":"<p>Us informem que hi ha programades dues reunions informatives del menjador. L&#8217;empresa \u00c0mbit Escola, que gestiona el servei de menjador, hi explicar\u00e0 els objectius del curs i els men\u00fas. Aquestes s\u00f3n les dates de les reunions: Infantil: dimarts 22 d&#8217;octubre,&#8230;<\/p>\n","protected":false},"author":9,"featured_media":3291,"comment_status":"open","ping_status":"closed","sticky":false,"template":"","format":"standard","meta":{"footnotes":""},"categories":[61],"tags":[],"class_list":["post-8423","post","type-post","status-publish","format-standard","has-post-thumbnail","hentry","category-menjador-2"],"post_mailing_queue_ids":[],"_links":{"self":[{"href":"https:\/\/www.afaprogres.cat\/web\/wp-json\/wp\/v2\/posts\/8423","targetHints":{"allow":["GET"]}}],"collection":[{"href":"https:\/\/www.afaprogres.cat\/web\/wp-json\/wp\/v2\/posts"}],"about":[{"href":"https:\/\/www.afaprogres.cat\/web\/wp-json\/wp\/v2\/types\/post"}],"author":[{"embeddable":true,"href":"https:\/\/www.afaprogres.cat\/web\/wp-json\/wp\/v2\/users\/9"}],"replies":[{"embeddable":true,"href":"https:\/\/www.afaprogres.cat\/web\/wp-json\/wp\/v2\/comments?post=8423"}],"version-history":[{"count":1,"href":"https:\/\/www.afaprogres.cat\/web\/wp-json\/wp\/v2\/posts\/8423\/revisions"}],"predecessor-version":[{"id":8425,"href":"https:\/\/www.afaprogres.cat\/web\/wp-json\/wp\/v2\/posts\/8423\/revisions\/8425"}],"wp:featuredmedia":[{"embeddable":true,"href":"https:\/\/www.afaprogres.cat\/web\/wp-json\/wp\/v2\/media\/3291"}],"wp:attachment":[{"href":"https:\/\/www.afaprogres.cat\/web\/wp-json\/wp\/v2\/media?parent=8423"}],"wp:term":[{"taxonomy":"category","embeddable":true,"href":"https:\/\/www.afaprogres.cat\/web\/wp-json\/wp\/v2\/categories?post=8423"},{"taxonomy":"post_tag","embeddable":true,"href":"https:\/\/www.afaprogres.cat\/web\/wp-json\/wp\/v2\/tags?post=8423"}],"curies":[{"name":"wp","href":"https:\/\/api.w.org\/{rel}","templated":true}]}}