{"id":7595,"date":"2018-06-10T13:34:50","date_gmt":"2018-06-10T11:34:50","guid":{"rendered":"http:\/\/www.afaprogres.cat\/?p=7595"},"modified":"2018-06-10T13:37:32","modified_gmt":"2018-06-10T11:37:32","slug":"gran-festa-fi-de-curs","status":"publish","type":"post","link":"https:\/\/www.afaprogres.cat\/web\/gran-festa-fi-de-curs\/","title":{"rendered":"Gran festa fi de curs"},"content":{"rendered":"<h2>El curs s&#8217;acaba i marxem de creuer!<\/h2>\n<p><a href=\"http:\/\/www.afaprogres.cat\/web\/wp-content\/uploads\/festa-fi-de-curs.jpeg\"><img loading=\"lazy\" decoding=\"async\" class=\"alignnone size-full wp-image-7597\" alt=\"Festa fi de curs\" src=\"http:\/\/www.afaprogres.cat\/web\/wp-content\/uploads\/festa-fi-de-curs.jpeg\" width=\"1144\" height=\"459\" srcset=\"https:\/\/www.afaprogres.cat\/web\/wp-content\/uploads\/festa-fi-de-curs.jpeg 1144w, https:\/\/www.afaprogres.cat\/web\/wp-content\/uploads\/festa-fi-de-curs-300x120.jpeg 300w, https:\/\/www.afaprogres.cat\/web\/wp-content\/uploads\/festa-fi-de-curs-1024x410.jpeg 1024w\" sizes=\"auto, (max-width: 1144px) 100vw, 1144px\" \/><\/a><\/p>\n<p>La brisa marina ens despentina els cabells, i al nostre voltant tot \u00e9s blau: el cel, la mar&#8230; S\u00ed, som en un creuer, i no hi podeu faltar! Veniu a la festa de fi de curs, el divendres 15 de juny, a partir de les 16.30 h.<\/p>\n<p>Tots els nens i nenes tindran un petit regal sorpresa per pujar a bord del creuer. I com que som de vacances a alta mar, us convidem a venir-hi vestits d&#8217;aut\u00e8ntics turistes!<\/p>\n<p>La festa comen\u00e7ar\u00e0 amb la cerim\u00f2nia de comiat dels alumnes de 6\u00e8.<\/p>\n<p><strong>Fins a les 18 h<\/strong>, hi haur\u00e0 <strong>inflables<\/strong> per a grans i petits. I tamb\u00e9 hi haur\u00e0 un lliscador (un passad\u00eds inflable amb aigua) i un futbol\u00ed inflable d&#8217;escala humana. S\u00faper divertit!<\/p>\n<p><strong>De 18 a 19 h<\/strong>, hi ha l&#8217;esperada <strong>festa de l&#8217;escuma de colors<\/strong>, amb 8 pilotes gegants botant sobre els nostres caps.<\/p>\n<p><strong>Recordeu portar-hi banyador, xancletes o mitjons antilliscants, tovallola i ulleres d&#8217;aigua!<\/strong><\/p>\n<p>Durant tota la festa, hi haur\u00e0 animaci\u00f3 musical, tallers, jocs de fira i t\u00f3mbola. I els alumnes de 5\u00e8 muntaran la paradeta del berenar i la barra de c\u00f2ctels (no seria un creuer de veritat si no n&#8217;hi haguessin).<\/p>\n<p>Important: estigueu pendents del <strong>sorteig d&#8217;un equip complet per anar a la platja<\/strong>, per a les escales del creuer. Encara sereu a temps durant la festa de comprar n\u00fameros per participar-hi!<\/p>\n<p>Recordeu: salpem el 15 de juny a les 16.30 h. Us hi esperem a bord!<\/p>\n","protected":false},"excerpt":{"rendered":"<p>El curs s&#8217;acaba i marxem de creuer! La brisa marina ens despentina els cabells, i al nostre voltant tot \u00e9s blau: el cel, la mar&#8230; S\u00ed, som en un creuer, i no hi podeu faltar! Veniu a la festa de&#8230;<\/p>\n","protected":false},"author":9,"featured_media":7597,"comment_status":"open","ping_status":"closed","sticky":false,"template":"","format":"standard","meta":{"footnotes":""},"categories":[12],"tags":[],"class_list":["post-7595","post","type-post","status-publish","format-standard","has-post-thumbnail","hentry","category-festes"],"post_mailing_queue_ids":[],"_links":{"self":[{"href":"https:\/\/www.afaprogres.cat\/web\/wp-json\/wp\/v2\/posts\/7595","targetHints":{"allow":["GET"]}}],"collection":[{"href":"https:\/\/www.afaprogres.cat\/web\/wp-json\/wp\/v2\/posts"}],"about":[{"href":"https:\/\/www.afaprogres.cat\/web\/wp-json\/wp\/v2\/types\/post"}],"author":[{"embeddable":true,"href":"https:\/\/www.afaprogres.cat\/web\/wp-json\/wp\/v2\/users\/9"}],"replies":[{"embeddable":true,"href":"https:\/\/www.afaprogres.cat\/web\/wp-json\/wp\/v2\/comments?post=7595"}],"version-history":[{"count":4,"href":"https:\/\/www.afaprogres.cat\/web\/wp-json\/wp\/v2\/posts\/7595\/revisions"}],"predecessor-version":[{"id":7601,"href":"https:\/\/www.afaprogres.cat\/web\/wp-json\/wp\/v2\/posts\/7595\/revisions\/7601"}],"wp:featuredmedia":[{"embeddable":true,"href":"https:\/\/www.afaprogres.cat\/web\/wp-json\/wp\/v2\/media\/7597"}],"wp:attachment":[{"href":"https:\/\/www.afaprogres.cat\/web\/wp-json\/wp\/v2\/media?parent=7595"}],"wp:term":[{"taxonomy":"category","embeddable":true,"href":"https:\/\/www.afaprogres.cat\/web\/wp-json\/wp\/v2\/categories?post=7595"},{"taxonomy":"post_tag","embeddable":true,"href":"https:\/\/www.afaprogres.cat\/web\/wp-json\/wp\/v2\/tags?post=7595"}],"curies":[{"name":"wp","href":"https:\/\/api.w.org\/{rel}","templated":true}]}}