{"id":7395,"date":"2018-04-23T09:24:49","date_gmt":"2018-04-23T07:24:49","guid":{"rendered":"http:\/\/www.afaprogres.cat\/?p=7395"},"modified":"2018-04-24T09:25:26","modified_gmt":"2018-04-24T07:25:26","slug":"los-31-libros-mas-prestados-en-las-bibliotecas","status":"publish","type":"post","link":"https:\/\/www.afaprogres.cat\/web\/los-31-libros-mas-prestados-en-las-bibliotecas\/","title":{"rendered":"Los 31 libros m\u00e1s prestados en las bibliotecas"},"content":{"rendered":"<p><a href=\"http:\/\/www.afaprogres.cat\/web\/wp-content\/uploads\/Las-bibliotecas-estan-cargadas-de-libros-pero-hay-unos-que-destacan-sobre-el-resto.jpg\"><img loading=\"lazy\" decoding=\"async\" class=\"aligncenter size-full wp-image-7397\" alt=\"Las-bibliotecas-estan-cargadas-de-libros-pero-hay-unos-que-destacan-sobre-el-resto\" src=\"http:\/\/www.afaprogres.cat\/web\/wp-content\/uploads\/Las-bibliotecas-estan-cargadas-de-libros-pero-hay-unos-que-destacan-sobre-el-resto.jpg\" width=\"1000\" height=\"667\" srcset=\"https:\/\/www.afaprogres.cat\/web\/wp-content\/uploads\/Las-bibliotecas-estan-cargadas-de-libros-pero-hay-unos-que-destacan-sobre-el-resto.jpg 1000w, https:\/\/www.afaprogres.cat\/web\/wp-content\/uploads\/Las-bibliotecas-estan-cargadas-de-libros-pero-hay-unos-que-destacan-sobre-el-resto-300x200.jpg 300w\" sizes=\"auto, (max-width: 1000px) 100vw, 1000px\" \/><\/a><\/p>\n<p>Se puede decir que hay una <strong>estrecha relaci\u00f3n entre los libros m\u00e1s vendidos y los libros m\u00e1s prestados<\/strong> en las bibliotecas.<\/p>\n<p>Tambi\u00e9n es importante tener en cuenta que algunos de dichos libros son <strong>continuaciones de sagas<\/strong>, que est\u00e1n escritos por <strong>personas de renombre<\/strong> y\/o que han sido galardonados en distintos <strong>premios nacionales e internacionales<\/strong>.<\/p>\n<p>#Libros m\u00e1s prestados en #bibliotecas: Todo esto te dar\u00e9, Patria y El guardi\u00e1n invisible<\/p>\n<p>ver lista completa en la not\u00edcia: <a href=\"http:\/\/www.comunidadbaratz.com\/blog\/los-31-libros-mas-prestados-en-las-bibliotecas-publicas-de-espana-en-2017\/\">http:\/\/www.comunidadbaratz.com\/blog\/los-31-libros-mas-prestados-en-las-bibliotecas-publicas-de-espana-en-2017\/<\/a><\/p>\n","protected":false},"excerpt":{"rendered":"<p>Se puede decir que hay una estrecha relaci\u00f3n entre los libros m\u00e1s vendidos y los libros m\u00e1s prestados en las bibliotecas. Tambi\u00e9n es importante tener en cuenta que algunos de dichos libros son continuaciones de sagas, que est\u00e1n escritos por&#8230;<\/p>\n","protected":false},"author":11,"featured_media":7397,"comment_status":"open","ping_status":"closed","sticky":false,"template":"","format":"standard","meta":{"footnotes":""},"categories":[3],"tags":[],"class_list":["post-7395","post","type-post","status-publish","format-standard","has-post-thumbnail","hentry","category-bilbioespai"],"post_mailing_queue_ids":[],"_links":{"self":[{"href":"https:\/\/www.afaprogres.cat\/web\/wp-json\/wp\/v2\/posts\/7395","targetHints":{"allow":["GET"]}}],"collection":[{"href":"https:\/\/www.afaprogres.cat\/web\/wp-json\/wp\/v2\/posts"}],"about":[{"href":"https:\/\/www.afaprogres.cat\/web\/wp-json\/wp\/v2\/types\/post"}],"author":[{"embeddable":true,"href":"https:\/\/www.afaprogres.cat\/web\/wp-json\/wp\/v2\/users\/11"}],"replies":[{"embeddable":true,"href":"https:\/\/www.afaprogres.cat\/web\/wp-json\/wp\/v2\/comments?post=7395"}],"version-history":[{"count":3,"href":"https:\/\/www.afaprogres.cat\/web\/wp-json\/wp\/v2\/posts\/7395\/revisions"}],"predecessor-version":[{"id":7400,"href":"https:\/\/www.afaprogres.cat\/web\/wp-json\/wp\/v2\/posts\/7395\/revisions\/7400"}],"wp:featuredmedia":[{"embeddable":true,"href":"https:\/\/www.afaprogres.cat\/web\/wp-json\/wp\/v2\/media\/7397"}],"wp:attachment":[{"href":"https:\/\/www.afaprogres.cat\/web\/wp-json\/wp\/v2\/media?parent=7395"}],"wp:term":[{"taxonomy":"category","embeddable":true,"href":"https:\/\/www.afaprogres.cat\/web\/wp-json\/wp\/v2\/categories?post=7395"},{"taxonomy":"post_tag","embeddable":true,"href":"https:\/\/www.afaprogres.cat\/web\/wp-json\/wp\/v2\/tags?post=7395"}],"curies":[{"name":"wp","href":"https:\/\/api.w.org\/{rel}","templated":true}]}}