{"id":5740,"date":"2015-12-03T16:25:38","date_gmt":"2015-12-03T15:25:38","guid":{"rendered":"http:\/\/www.afaprogres.cat\/?p=5740"},"modified":"2015-12-03T16:39:44","modified_gmt":"2015-12-03T15:39:44","slug":"el-treball-en-equip-de-mares-i-pares","status":"publish","type":"post","link":"https:\/\/www.afaprogres.cat\/web\/el-treball-en-equip-de-mares-i-pares\/","title":{"rendered":"El treball en equip de mares i pares!"},"content":{"rendered":"<p><img loading=\"lazy\" decoding=\"async\" class=\"alignnone size-full wp-image-5745\" alt=\"family3\" src=\"http:\/\/www.afaprogres.cat\/web\/wp-content\/uploads\/family3.jpg\" width=\"478\" height=\"283\" srcset=\"https:\/\/www.afaprogres.cat\/web\/wp-content\/uploads\/family3.jpg 478w, https:\/\/www.afaprogres.cat\/web\/wp-content\/uploads\/family3-300x177.jpg 300w\" sizes=\"auto, (max-width: 478px) 100vw, 478px\" \/><\/p>\n<p>Us convidem a la xerrada gratu\u00efta Fer de pares, un treball en equip, que celebrarem a l&#8217;escola aquest <strong>dijous 3 de desembre, de 16.30 a 18 h.<\/strong><\/p>\n<p>La xerrada est\u00e0 adre\u00e7ada a les fam\u00edlies de prim\u00e0ria (de 1r a 6\u00e8), i s&#8217;hi reflexionar\u00e0 sobre com aconseguir que totes les persones responsables de les criatures participin activament en l&#8217;educaci\u00f3. Es tracta, en qualsevol cas, de <strong>com afrontar els diferents punts de vista per arribar a establir uns criteris similars en l&#8217;educaci\u00f3 dels fills\/es.<\/strong><\/p>\n<p>La xerrada l&#8217;ofereix la Regidoria d&#8217;Educaci\u00f3 de l&#8217;Ajuntament de Badalona amb el suport de l&#8217;AMPA.<\/p>\n<p><strong>Us hi esperem!<\/strong><\/p>\n","protected":false},"excerpt":{"rendered":"<p>Us convidem a la xerrada gratu\u00efta Fer de pares, un treball en equip, que celebrarem a l&#8217;escola aquest dijous 3 de desembre, de 16.30 a 18 h. La xerrada est\u00e0 adre\u00e7ada a les fam\u00edlies de prim\u00e0ria (de 1r a 6\u00e8),&#8230;<\/p>\n","protected":false},"author":9,"featured_media":5745,"comment_status":"open","ping_status":"closed","sticky":false,"template":"","format":"standard","meta":{"footnotes":""},"categories":[13,1],"tags":[],"class_list":["post-5740","post","type-post","status-publish","format-standard","has-post-thumbnail","hentry","category-noticies","category-sin-categoria"],"post_mailing_queue_ids":[],"_links":{"self":[{"href":"https:\/\/www.afaprogres.cat\/web\/wp-json\/wp\/v2\/posts\/5740","targetHints":{"allow":["GET"]}}],"collection":[{"href":"https:\/\/www.afaprogres.cat\/web\/wp-json\/wp\/v2\/posts"}],"about":[{"href":"https:\/\/www.afaprogres.cat\/web\/wp-json\/wp\/v2\/types\/post"}],"author":[{"embeddable":true,"href":"https:\/\/www.afaprogres.cat\/web\/wp-json\/wp\/v2\/users\/9"}],"replies":[{"embeddable":true,"href":"https:\/\/www.afaprogres.cat\/web\/wp-json\/wp\/v2\/comments?post=5740"}],"version-history":[{"count":6,"href":"https:\/\/www.afaprogres.cat\/web\/wp-json\/wp\/v2\/posts\/5740\/revisions"}],"predecessor-version":[{"id":5752,"href":"https:\/\/www.afaprogres.cat\/web\/wp-json\/wp\/v2\/posts\/5740\/revisions\/5752"}],"wp:featuredmedia":[{"embeddable":true,"href":"https:\/\/www.afaprogres.cat\/web\/wp-json\/wp\/v2\/media\/5745"}],"wp:attachment":[{"href":"https:\/\/www.afaprogres.cat\/web\/wp-json\/wp\/v2\/media?parent=5740"}],"wp:term":[{"taxonomy":"category","embeddable":true,"href":"https:\/\/www.afaprogres.cat\/web\/wp-json\/wp\/v2\/categories?post=5740"},{"taxonomy":"post_tag","embeddable":true,"href":"https:\/\/www.afaprogres.cat\/web\/wp-json\/wp\/v2\/tags?post=5740"}],"curies":[{"name":"wp","href":"https:\/\/api.w.org\/{rel}","templated":true}]}}