{"id":5295,"date":"2015-06-09T13:18:10","date_gmt":"2015-06-09T11:18:10","guid":{"rendered":"http:\/\/www.afaprogres.cat\/?p=5295"},"modified":"2015-06-09T13:19:06","modified_gmt":"2015-06-09T11:19:06","slug":"canvi-de-quota-del-llibre-verd","status":"publish","type":"post","link":"https:\/\/www.afaprogres.cat\/web\/canvi-de-quota-del-llibre-verd\/","title":{"rendered":"Canvi de quota del llibre verd"},"content":{"rendered":"<p>Ja hem arribat al final de curs i, tal i com us vam informar a l\u2019assemblea, toca canviar tots els llibres. Hem trigat m\u00e9s del que pertocava en fer el canvi a l&#8217;espera de l&#8217;arribada de la llei Wert i perqu\u00e8 no ens vei\u00e9ssim obligats a fer un canvi de llibres sense haver arribat als quatre anys de vida que tenim estipulats.<\/p>\n<p>Aix\u00ed doncs, per poder continuar amb aquest projecte i assumir la gran despesa que comporta<br \/>\n\u2014per\u00f2 que tant ens beneficia a tots\u2014, recordeu que per poder participar en aquesta compra com\u00fa <strong>cal estar al corrent de pagament de qualsevol deute amb l&#8217;AMPA<\/strong>.<\/p>\n<p>La quota per alumne del Llibre Verd per al proper curs 2015-2016 \u00e9s la seg\u00fcent:<\/p>\n<p><strong>QUOTA INFANTIL (P3, P4 i P5): 30\u20ac<\/strong><\/p>\n<p><strong>QUOTA PRIMARIA (de 1r a 6\u00e8): \u00a0\u00a097\u20ac<\/strong><\/p>\n<p>La quota de prim\u00e0ria es pagar\u00e0 en dues vegades:<strong> 80\u20ac el 30 de juny i 17\u20ac el 3 de setembre.<\/strong><\/p>\n<p>Les fam\u00edlies que no teniu domiciliat els rebuts, heu de fer l&#8217;ingr\u00e9s abans del 30 de juny, tot detallant el <strong>nom i cognoms de l&#8217;alumne i el curs que far\u00e0 el proper any<\/strong>. No es poden descomptar ni beques ni ajuts.<\/p>\n<p>BANC DE SABADELL: 0081-0083-71-0001207326<\/p>\n<p>La resta de fam\u00edlies rebreu el c\u00e0rrec bancari a la vostra entitat habitual. Per evitar possibles despeses de devoluci\u00f3 \u2014que haureu d\u2019assumir si fos el cas\u2014, comproveu el vostre n\u00famero de compte amb secretaria de l&#8217;AMPA.<\/p>\n<p>Us detallem la valoraci\u00f3 del preu dels lots:<\/p>\n<table width=\"475\" border=\"1\" frame=\"void\" rules=\"groups\" cellspacing=\"0\" cellpadding=\"0\">\n<tbody>\n<tr>\n<td valign=\"bottom\" width=\"166\" height=\"58\"><\/td>\n<td valign=\"bottom\" width=\"28\"><\/td>\n<td bgcolor=\"#c2d69a\" width=\"86\">\n<p lang=\"es-ES\" xml:lang=\"es-ES\" align=\"center\">PVP EN LLIBRERIES<\/p>\n<\/td>\n<td valign=\"bottom\" bgcolor=\"#c2d69a\" width=\"81\">\n<p lang=\"en-US\" xml:lang=\"en-US\" align=\"center\">cost lot COMPRA A EDITORIAL<\/p>\n<\/td>\n<td bgcolor=\"#c2d69a\" width=\"102\">\n<p lang=\"es-ES\" xml:lang=\"es-ES\" align=\"center\">COST LLIBRE VERD<\/p>\n<\/td>\n<\/tr>\n<tr>\n<td valign=\"bottom\" width=\"166\" height=\"20\">\n<p lang=\"es-ES\" xml:lang=\"es-ES\">VALORACI\u00d3 TOTAL 6\u00e8<\/p>\n<\/td>\n<td bgcolor=\"#c0c0c0\" width=\"28\"><\/td>\n<td align=\"center\" valign=\"bottom\" width=\"86\">259,68 \u20ac<\/td>\n<td align=\"center\" valign=\"bottom\" width=\"81\">189,06 \u20ac<\/td>\n<td align=\"center\" valign=\"bottom\" width=\"102\"><strong>97,48 \u20ac<\/strong><\/td>\n<\/tr>\n<tr>\n<td valign=\"bottom\" width=\"166\" height=\"20\">\n<p lang=\"es-ES\" xml:lang=\"es-ES\">VALORACI\u00d3 TOTAL 5\u00e8<\/p>\n<\/td>\n<td bgcolor=\"#c0c0c0\" width=\"28\"><\/td>\n<td align=\"center\" valign=\"bottom\" width=\"86\">270,38 \u20ac<\/td>\n<td align=\"center\" valign=\"bottom\" width=\"81\">187,83 \u20ac<\/td>\n<td align=\"center\" valign=\"bottom\" width=\"102\"><strong>102,72 \u20ac<\/strong><\/td>\n<\/tr>\n<tr>\n<td valign=\"bottom\" width=\"166\" height=\"20\"><span lang=\"es-ES\" xml:lang=\"es-ES\">VALORACI\u00d3 TOTAL 4t<\/span><\/td>\n<td bgcolor=\"#c0c0c0\" width=\"28\"><\/td>\n<td align=\"center\" valign=\"bottom\" width=\"86\">275,48 \u20ac<\/td>\n<td align=\"center\" valign=\"bottom\" width=\"81\">200,86 \u20ac<\/td>\n<td align=\"center\" valign=\"bottom\" width=\"102\"><strong>128,93 \u20ac<\/strong><\/td>\n<\/tr>\n<tr>\n<td valign=\"bottom\" width=\"166\" height=\"20\"><span lang=\"es-ES\" xml:lang=\"es-ES\">VALORACI\u00d3 TOTAL 3r<\/span><\/td>\n<td bgcolor=\"#c0c0c0\" width=\"28\"><\/td>\n<td align=\"center\" valign=\"bottom\" width=\"86\">257,91 \u20ac<\/td>\n<td align=\"center\" valign=\"bottom\" width=\"81\">181,02 \u20ac<\/td>\n<td align=\"center\" valign=\"bottom\" width=\"102\"><strong>128,93 \u20ac<\/strong><\/td>\n<\/tr>\n<tr>\n<td valign=\"bottom\" width=\"166\" height=\"20\"><span lang=\"es-ES\" xml:lang=\"es-ES\">VALORACI\u00d3 TOTAL 2n<\/span><\/td>\n<td bgcolor=\"#c0c0c0\" width=\"28\"><\/td>\n<td align=\"center\" valign=\"bottom\" width=\"86\">186,84 \u20ac<\/td>\n<td align=\"center\" valign=\"bottom\" width=\"81\">132,63 \u20ac<\/td>\n<td align=\"center\" valign=\"bottom\" width=\"102\"><strong>122,83 \u20ac<\/strong><\/td>\n<\/tr>\n<tr>\n<td valign=\"bottom\" width=\"166\" height=\"20\"><span lang=\"es-ES\" xml:lang=\"es-ES\">VALORACI\u00d3 TOTAL 1r<\/span><\/td>\n<td bgcolor=\"#c0c0c0\" width=\"28\"><\/td>\n<td align=\"center\" valign=\"bottom\" width=\"86\">191,95 \u20ac<\/td>\n<td align=\"center\" valign=\"bottom\" width=\"81\">136,42 \u20ac<\/td>\n<td align=\"center\" valign=\"bottom\" width=\"102\"><strong>125,34 \u20ac<\/strong><\/td>\n<\/tr>\n<\/tbody>\n<\/table>\n","protected":false},"excerpt":{"rendered":"<p>Ja hem arribat al final de curs i, tal i com us vam informar a l\u2019assemblea, toca canviar tots els llibres. Hem trigat m\u00e9s del que pertocava en fer el canvi a l&#8217;espera de l&#8217;arribada de la llei Wert i&#8230;<\/p>\n","protected":false},"author":9,"featured_media":4325,"comment_status":"open","ping_status":"closed","sticky":false,"template":"","format":"standard","meta":{"footnotes":""},"categories":[75],"tags":[],"class_list":["post-5295","post","type-post","status-publish","format-standard","has-post-thumbnail","hentry","category-llibre-verd"],"post_mailing_queue_ids":[],"_links":{"self":[{"href":"https:\/\/www.afaprogres.cat\/web\/wp-json\/wp\/v2\/posts\/5295","targetHints":{"allow":["GET"]}}],"collection":[{"href":"https:\/\/www.afaprogres.cat\/web\/wp-json\/wp\/v2\/posts"}],"about":[{"href":"https:\/\/www.afaprogres.cat\/web\/wp-json\/wp\/v2\/types\/post"}],"author":[{"embeddable":true,"href":"https:\/\/www.afaprogres.cat\/web\/wp-json\/wp\/v2\/users\/9"}],"replies":[{"embeddable":true,"href":"https:\/\/www.afaprogres.cat\/web\/wp-json\/wp\/v2\/comments?post=5295"}],"version-history":[{"count":4,"href":"https:\/\/www.afaprogres.cat\/web\/wp-json\/wp\/v2\/posts\/5295\/revisions"}],"predecessor-version":[{"id":5307,"href":"https:\/\/www.afaprogres.cat\/web\/wp-json\/wp\/v2\/posts\/5295\/revisions\/5307"}],"wp:featuredmedia":[{"embeddable":true,"href":"https:\/\/www.afaprogres.cat\/web\/wp-json\/wp\/v2\/media\/4325"}],"wp:attachment":[{"href":"https:\/\/www.afaprogres.cat\/web\/wp-json\/wp\/v2\/media?parent=5295"}],"wp:term":[{"taxonomy":"category","embeddable":true,"href":"https:\/\/www.afaprogres.cat\/web\/wp-json\/wp\/v2\/categories?post=5295"},{"taxonomy":"post_tag","embeddable":true,"href":"https:\/\/www.afaprogres.cat\/web\/wp-json\/wp\/v2\/tags?post=5295"}],"curies":[{"name":"wp","href":"https:\/\/api.w.org\/{rel}","templated":true}]}}