{"id":4462,"date":"2014-10-12T22:26:41","date_gmt":"2014-10-12T20:26:41","guid":{"rendered":"http:\/\/www.afaprogres.cat\/?p=4462"},"modified":"2014-10-12T22:26:41","modified_gmt":"2014-10-12T20:26:41","slug":"iii-fira-de-gegants-de-badalona","status":"publish","type":"post","link":"https:\/\/www.afaprogres.cat\/web\/iii-fira-de-gegants-de-badalona\/","title":{"rendered":"III Fira de Gegants de Badalona"},"content":{"rendered":"<p>El dissabte <strong>18 d&#8217;octubre<\/strong>, la colla gegantera de l&#8217;escola Progr\u00e9s participa activament en la <strong>III Fira de Gegants<\/strong> que se celebra a la Rambla de Badalona d&#8217;<strong>11 a 19.30 h<\/strong>.<\/p>\n<p><img loading=\"lazy\" decoding=\"async\" class=\"alignnone size-full wp-image-4469\" alt=\"Cartell-Fira-Gegants-2014\" src=\"http:\/\/www.afaprogres.cat\/web\/wp-content\/uploads\/Cartell-Fira-Gegants-2014.jpg\" width=\"540\" height=\"720\" srcset=\"https:\/\/www.afaprogres.cat\/web\/wp-content\/uploads\/Cartell-Fira-Gegants-2014.jpg 540w, https:\/\/www.afaprogres.cat\/web\/wp-content\/uploads\/Cartell-Fira-Gegants-2014-225x300.jpg 225w\" sizes=\"auto, (max-width: 540px) 100vw, 540px\" \/><\/p>\n<p>A les 13 h, hi haur\u00e0 un ball de capgrossos i a les 18.30 h hi haur\u00e0 un ball de gegants de totes les colles presents. Ser\u00e0 el moment de veure ballar la Marina, el Nun i els capgrossos i peixolins de la colla, que han estat treballant de valent per a aquesta cita.<\/p>\n<p>La colla gegantera, a m\u00e9s, tindr\u00e0 tot el dia a la Rambla una paradeta on els m\u00e9s petits podran pintar dibuixos de les figures de la colla.<\/p>\n<p>Veniu el dissabte a la Rambla, gaudireu de la impressionant feina que fa la colla gegantera de la nostra escola i us animem a participar-hi activament: els gegants ens necessiten!<\/p>\n<p><a href=\"http:\/\/www.afaprogres.cat\/web\/wp-content\/uploads\/Programa-Fira-Gegants-2014.pdf\" target=\"_blank\">Programa III Fira Gegants\u00a0<\/a><\/p>\n","protected":false},"excerpt":{"rendered":"<p>El dissabte 18 d&#8217;octubre, la colla gegantera de l&#8217;escola Progr\u00e9s participa activament en la III Fira de Gegants que se celebra a la Rambla de Badalona d&#8217;11 a 19.30 h. A les 13 h, hi haur\u00e0 un ball de capgrossos&#8230;<\/p>\n","protected":false},"author":9,"featured_media":4467,"comment_status":"open","ping_status":"closed","sticky":false,"template":"","format":"standard","meta":{"footnotes":""},"categories":[11],"tags":[],"class_list":["post-4462","post","type-post","status-publish","format-standard","has-post-thumbnail","hentry","category-colles-gegantera"],"post_mailing_queue_ids":[],"_links":{"self":[{"href":"https:\/\/www.afaprogres.cat\/web\/wp-json\/wp\/v2\/posts\/4462","targetHints":{"allow":["GET"]}}],"collection":[{"href":"https:\/\/www.afaprogres.cat\/web\/wp-json\/wp\/v2\/posts"}],"about":[{"href":"https:\/\/www.afaprogres.cat\/web\/wp-json\/wp\/v2\/types\/post"}],"author":[{"embeddable":true,"href":"https:\/\/www.afaprogres.cat\/web\/wp-json\/wp\/v2\/users\/9"}],"replies":[{"embeddable":true,"href":"https:\/\/www.afaprogres.cat\/web\/wp-json\/wp\/v2\/comments?post=4462"}],"version-history":[{"count":3,"href":"https:\/\/www.afaprogres.cat\/web\/wp-json\/wp\/v2\/posts\/4462\/revisions"}],"predecessor-version":[{"id":4471,"href":"https:\/\/www.afaprogres.cat\/web\/wp-json\/wp\/v2\/posts\/4462\/revisions\/4471"}],"wp:featuredmedia":[{"embeddable":true,"href":"https:\/\/www.afaprogres.cat\/web\/wp-json\/wp\/v2\/media\/4467"}],"wp:attachment":[{"href":"https:\/\/www.afaprogres.cat\/web\/wp-json\/wp\/v2\/media?parent=4462"}],"wp:term":[{"taxonomy":"category","embeddable":true,"href":"https:\/\/www.afaprogres.cat\/web\/wp-json\/wp\/v2\/categories?post=4462"},{"taxonomy":"post_tag","embeddable":true,"href":"https:\/\/www.afaprogres.cat\/web\/wp-json\/wp\/v2\/tags?post=4462"}],"curies":[{"name":"wp","href":"https:\/\/api.w.org\/{rel}","templated":true}]}}