{"id":3426,"date":"2014-03-21T13:22:52","date_gmt":"2014-03-21T12:22:52","guid":{"rendered":"http:\/\/www.afaprogres.cat\/?p=3426"},"modified":"2014-03-21T13:45:25","modified_gmt":"2014-03-21T12:45:25","slug":"taller-de-robotica","status":"publish","type":"post","link":"https:\/\/www.afaprogres.cat\/web\/taller-de-robotica\/","title":{"rendered":"Taller de rob\u00f2tica"},"content":{"rendered":"<p>Amb l&#8217;objectiu de crear un grup de pares i mares interessats en promoure un taller de rob\u00f2tica per als nens i nenes de l&#8217;escola es convoca als que vulgueu a una sessi\u00f3 informativa el proper <strong>divendres 28 a les 17:00h a la biblioteca de l&#8217;escola<\/strong>.<\/p>\n<p>Estem conven\u00e7uts que aquest taller ser\u00e0 un \u00e8xit per\u00f2 nom\u00e9s ser\u00e0 possible amb la implicaci\u00f3 d&#8217;un grup important de pares i mares.<\/p>\n<h2>Objectiu<\/h2>\n<p><img loading=\"lazy\" decoding=\"async\" class=\"alignright size-full wp-image-3428\" alt=\"ROBOTIX_III\" src=\"http:\/\/www.afaprogres.cat\/web\/wp-content\/uploads\/ROBOTIX_III.png\" width=\"358\" height=\"300\" srcset=\"https:\/\/www.afaprogres.cat\/web\/wp-content\/uploads\/ROBOTIX_III.png 358w, https:\/\/www.afaprogres.cat\/web\/wp-content\/uploads\/ROBOTIX_III-300x251.png 300w\" sizes=\"auto, (max-width: 358px) 100vw, 358px\" \/><br \/>\nCrear un taller de rob\u00f2tica liderat pels pares i mares de l&#8217;escola (on els pares i mares fan de facilitadors o entrenadors: un per a cada equip de 10 criatures) amb el prop\u00f2sit de participar a la lliga Lego de rob\u00f2tica (<a title=\"First Lego League\" href=\"http:\/\/firstlegoleague.es\/\" target=\"_blank\">First Lego League<\/a>). El primer pas \u00e9s tenir un grup de pares i mares que vulguin fer d&#8217;entrenadors per saber quants equips podem engegar.<\/p>\n<h2>Per qu\u00e8?<\/h2>\n<p>La rob\u00f2tica a l&#8217;escola fa que els nens:<\/p>\n<ul>\n<li>Dissenyin, construeixin i programin un robot.<\/li>\n<li>Apliquin conceptes de ci\u00e8ncia i tecnologia del m\u00f3n real.<\/li>\n<li>Investiguin els reptes a qu\u00e8 s\u2019enfronten els cient\u00edfics d\u2019avui.<\/li>\n<li>Desenvolupin habilitats de treball en equip, emprenedoria, innovaci\u00f3, comunicaci\u00f3 i creativitat que els serviran per a tota la vida.<\/li>\n<\/ul>\n<p><\/p>\n<h2>I si jo no en s\u00e9, puc col\u00b7laborar?<\/h2>\n<p>I tant. No cal ser expert en rob\u00f2tica! Els nens ho faran tot. Nom\u00e9s necessiten pares i mares que els acompanyin en el proc\u00e9s d&#8217;aprenentatge i els animin a resoldre els reptes que vagin sortint.<\/p>\n<h2>I aix\u00f2 de qu\u00e8 va?<\/h2>\n<p>Alguns v\u00eddeos on podreu veure de qu\u00e8 es tracta:<\/p>\n<p><iframe loading=\"lazy\" src=\"\/\/www.youtube.com\/embed\/K1576Uo29Yo?list=UU_FLCdcWmIHFOPF0UhTwFUA\" height=\"315\" width=\"560\" allowfullscreen=\"\" frameborder=\"0\"><\/iframe><\/p>\n<h2>Recordeu<\/h2>\n<h4>Quedem el proper divendres 28 a les 17:00h a la biblioteca de l&#8217;escola.<\/h4>\n<h2>I si no puc venir?<\/h2>\n<p>Si no podeu venir a la reuni\u00f3 i hi esteu interessats, m&#8217;envieu un correu (<a href=\"mailto:oleguer@serra.cat\">oleguer@serra.cat<\/a>) i busquem un altre moment per parlar-ne.<\/p>\n","protected":false},"excerpt":{"rendered":"<p>Amb l&#8217;objectiu de crear un grup de pares i mares interessats en promoure un taller de rob\u00f2tica per als nens i nenes de l&#8217;escola es convoca als que vulgueu a una sessi\u00f3 informativa el proper divendres 28 a les 17:00h&#8230;<\/p>\n","protected":false},"author":9,"featured_media":0,"comment_status":"open","ping_status":"closed","sticky":false,"template":"","format":"standard","meta":{"footnotes":""},"categories":[112,6],"tags":[],"class_list":["post-3426","post","type-post","status-publish","format-standard","hentry","category-extraescolars","category-families"],"post_mailing_queue_ids":[],"_links":{"self":[{"href":"https:\/\/www.afaprogres.cat\/web\/wp-json\/wp\/v2\/posts\/3426","targetHints":{"allow":["GET"]}}],"collection":[{"href":"https:\/\/www.afaprogres.cat\/web\/wp-json\/wp\/v2\/posts"}],"about":[{"href":"https:\/\/www.afaprogres.cat\/web\/wp-json\/wp\/v2\/types\/post"}],"author":[{"embeddable":true,"href":"https:\/\/www.afaprogres.cat\/web\/wp-json\/wp\/v2\/users\/9"}],"replies":[{"embeddable":true,"href":"https:\/\/www.afaprogres.cat\/web\/wp-json\/wp\/v2\/comments?post=3426"}],"version-history":[{"count":10,"href":"https:\/\/www.afaprogres.cat\/web\/wp-json\/wp\/v2\/posts\/3426\/revisions"}],"predecessor-version":[{"id":3440,"href":"https:\/\/www.afaprogres.cat\/web\/wp-json\/wp\/v2\/posts\/3426\/revisions\/3440"}],"wp:attachment":[{"href":"https:\/\/www.afaprogres.cat\/web\/wp-json\/wp\/v2\/media?parent=3426"}],"wp:term":[{"taxonomy":"category","embeddable":true,"href":"https:\/\/www.afaprogres.cat\/web\/wp-json\/wp\/v2\/categories?post=3426"},{"taxonomy":"post_tag","embeddable":true,"href":"https:\/\/www.afaprogres.cat\/web\/wp-json\/wp\/v2\/tags?post=3426"}],"curies":[{"name":"wp","href":"https:\/\/api.w.org\/{rel}","templated":true}]}}