{"id":2029,"date":"2013-10-14T22:22:21","date_gmt":"2013-10-14T20:22:21","guid":{"rendered":"http:\/\/ampaprogres.topcommerce.es\/?p=2029"},"modified":"2014-02-16T16:15:26","modified_gmt":"2014-02-16T15:15:26","slug":"ii-fira-de-gegants-i-capgrossos-de-badalona","status":"publish","type":"post","link":"https:\/\/www.afaprogres.cat\/web\/ii-fira-de-gegants-i-capgrossos-de-badalona\/","title":{"rendered":"II Fira de Gegants i Capgrossos de Badalona"},"content":{"rendered":"<h3>Dissabte 19 d\u2019octubre a la Rambla<\/h3>\n<p>La Fira de Gegants i Capgrossos de Badalona \u00e9s una diada organitzada per les diverses colles de la ciutat al llarg de la qual es fan un munt d\u2019activitats relacionades amb el m\u00f3n geganter. Es pret\u00e9n acostar aquestes figures i tot all\u00f2 que les envolta a tothom qui vulgui participar d\u2019una jornada \u00fanica.<\/p>\n<p>Escoles, associacions de ve\u00efns, entitats de cultura tradicional i particulars participen en aquest dia tan especial que celebrem per segona vegada a la nostra ciutat, agrupant desenes de parelles de gegants i comparses de capgrossos que hi ha escampades per la ciutat.<\/p>\n<p>Badalona compta amb gaireb\u00e9 una cinquantena de gegants i m\u00e9s de 40 capgrossos, essent una de les poblacions on hi ha m\u00e9s gegants de tot el pa\u00eds. \u00c9s per aix\u00f2 que les entitats volem donar a con\u00e8ixer tota aquesta imatgeria festiva per tal que les figures que avui en dia no disposen de colla, algun dia no massa lluny\u00e0, en puguin tenir.<\/p>\n<p>Us animem a participar d\u2019una dia gegant!<\/p>\n<p><strong><span style=\"font-size: 1.17em;\">HORARI<\/span><\/strong><\/p>\n<ul>\n<li>A les 10:00h. <strong>INAUGURACI\u00d3 DE LA FIRA<\/strong><\/li>\n<li>A les 10:00h. <strong>TALLERS DE CAPGROSSOS<\/strong><\/li>\n<li>A les 12:00h. <strong>L&#8217;HORA DEL CONTE<\/strong><\/li>\n<li>A les 12:30h. <strong>MOSTRA DE BALLS DE CAPGROSSOS<\/strong><\/li>\n<li>A les 16:30h. <strong>CONCERT GRALLES<\/strong> a c\u00e0rrec del grup de grallers i caixers de les colles.<\/li>\n<li>A les 17:00h. <strong>ENTRA AL M\u00d3N GEGANTER<\/strong><\/li>\n<li>A les 18:00h. <strong>MOSTRA DE BALLS DE GEGANTS<\/strong><\/li>\n<\/ul>\n<p><strong>Acte organitzat per:<\/strong><\/p>\n<ul>\n<li>Colla de Geganters de Badalona<\/li>\n<li>Esbart Sant Jordi<\/li>\n<li>Colla de Geganters de l\u2019Escola Jungfrau<\/li>\n<li>Colla de Geganters de l\u2019Escola Vent\u00f3s-Mir<\/li>\n<li>Colla de Geganters de l\u2019Escola Lola Anglada<\/li>\n<li>Colla de Geganters de l\u2019Escola Progr\u00e9s \u2013 Badalona Port<\/li>\n<\/ul>\n<p>M\u00e9s informaci\u00f3 a\u00a0<a title=\"Gegants Badalona\" href=\"http:\/\/www.gegantsbadalona.org\" target=\"_blank\">www.gegantsbadalona.org<\/a><\/p>\n<p><a class=\"pdf\" href=\"\/wp-content\/uploads\/Triptic2013.pdf\">Informaci\u00f3 de la Fira en pdf<\/a><\/p>\n","protected":false},"excerpt":{"rendered":"<p>Dissabte 19 d\u2019octubre a la Rambla La Fira de Gegants i Capgrossos de Badalona \u00e9s una diada organitzada per les diverses colles de la ciutat al llarg de la qual es fan un munt d\u2019activitats relacionades amb el m\u00f3n geganter&#8230;.<\/p>\n","protected":false},"author":9,"featured_media":3284,"comment_status":"open","ping_status":"closed","sticky":false,"template":"","format":"standard","meta":{"footnotes":""},"categories":[11],"tags":[],"class_list":["post-2029","post","type-post","status-publish","format-standard","has-post-thumbnail","hentry","category-colles-gegantera"],"post_mailing_queue_ids":[],"_links":{"self":[{"href":"https:\/\/www.afaprogres.cat\/web\/wp-json\/wp\/v2\/posts\/2029","targetHints":{"allow":["GET"]}}],"collection":[{"href":"https:\/\/www.afaprogres.cat\/web\/wp-json\/wp\/v2\/posts"}],"about":[{"href":"https:\/\/www.afaprogres.cat\/web\/wp-json\/wp\/v2\/types\/post"}],"author":[{"embeddable":true,"href":"https:\/\/www.afaprogres.cat\/web\/wp-json\/wp\/v2\/users\/9"}],"replies":[{"embeddable":true,"href":"https:\/\/www.afaprogres.cat\/web\/wp-json\/wp\/v2\/comments?post=2029"}],"version-history":[{"count":12,"href":"https:\/\/www.afaprogres.cat\/web\/wp-json\/wp\/v2\/posts\/2029\/revisions"}],"predecessor-version":[{"id":3285,"href":"https:\/\/www.afaprogres.cat\/web\/wp-json\/wp\/v2\/posts\/2029\/revisions\/3285"}],"wp:featuredmedia":[{"embeddable":true,"href":"https:\/\/www.afaprogres.cat\/web\/wp-json\/wp\/v2\/media\/3284"}],"wp:attachment":[{"href":"https:\/\/www.afaprogres.cat\/web\/wp-json\/wp\/v2\/media?parent=2029"}],"wp:term":[{"taxonomy":"category","embeddable":true,"href":"https:\/\/www.afaprogres.cat\/web\/wp-json\/wp\/v2\/categories?post=2029"},{"taxonomy":"post_tag","embeddable":true,"href":"https:\/\/www.afaprogres.cat\/web\/wp-json\/wp\/v2\/tags?post=2029"}],"curies":[{"name":"wp","href":"https:\/\/api.w.org\/{rel}","templated":true}]}}