{"id":1970,"date":"2013-09-30T09:47:20","date_gmt":"2013-09-30T07:47:20","guid":{"rendered":"http:\/\/ampaprogres.topcommerce.es\/?p=1970"},"modified":"2013-09-30T09:47:20","modified_gmt":"2013-09-30T07:47:20","slug":"els-gegants-participen-al-50e-aniversari-de-la-jungfrau","status":"publish","type":"post","link":"https:\/\/www.afaprogres.cat\/web\/els-gegants-participen-al-50e-aniversari-de-la-jungfrau\/","title":{"rendered":"Els gegants participen al 50\u00e8 aniversari de La Jungfrau"},"content":{"rendered":"<p>El dissabte 5 d&#8217;octubre l&#8217;<strong>escola Jungfrau<\/strong> celebra el seu 50\u00e8 aniversari i el 25\u00e8 de la colla gegantera de l&#8217;escola.<\/p>\n<p>En el marc de la cel.lebraci\u00f3 estrenen una nova gegantona, i per aquest motiu ens conviden (colla gegantera escola Progr\u00e9s) a fer dels seus padrins.<\/p>\n<p>A les 17.15h ens trobarem a l&#8217;escola per treure els gegants i capgrossos. Sortirem a les 17.30h i a les 18:00h farem la plantada al pati de l&#8217;escola Jungfrau.<\/p>\n<p>Farem una cercavila pel pati i seguidament una mostra de balls.<\/p>\n","protected":false},"excerpt":{"rendered":"<p>El dissabte 5 d&#8217;octubre l&#8217;escola Jungfrau celebra el seu 50\u00e8 aniversari i el 25\u00e8 de la colla gegantera de l&#8217;escola. En el marc de la cel.lebraci\u00f3 estrenen una nova gegantona, i per aquest motiu ens conviden (colla gegantera escola Progr\u00e9s)&#8230;<\/p>\n","protected":false},"author":9,"featured_media":1972,"comment_status":"open","ping_status":"closed","sticky":false,"template":"","format":"standard","meta":{"footnotes":""},"categories":[11],"tags":[],"class_list":["post-1970","post","type-post","status-publish","format-standard","has-post-thumbnail","hentry","category-colles-gegantera"],"post_mailing_queue_ids":[],"_links":{"self":[{"href":"https:\/\/www.afaprogres.cat\/web\/wp-json\/wp\/v2\/posts\/1970","targetHints":{"allow":["GET"]}}],"collection":[{"href":"https:\/\/www.afaprogres.cat\/web\/wp-json\/wp\/v2\/posts"}],"about":[{"href":"https:\/\/www.afaprogres.cat\/web\/wp-json\/wp\/v2\/types\/post"}],"author":[{"embeddable":true,"href":"https:\/\/www.afaprogres.cat\/web\/wp-json\/wp\/v2\/users\/9"}],"replies":[{"embeddable":true,"href":"https:\/\/www.afaprogres.cat\/web\/wp-json\/wp\/v2\/comments?post=1970"}],"version-history":[{"count":1,"href":"https:\/\/www.afaprogres.cat\/web\/wp-json\/wp\/v2\/posts\/1970\/revisions"}],"predecessor-version":[{"id":1973,"href":"https:\/\/www.afaprogres.cat\/web\/wp-json\/wp\/v2\/posts\/1970\/revisions\/1973"}],"wp:featuredmedia":[{"embeddable":true,"href":"https:\/\/www.afaprogres.cat\/web\/wp-json\/wp\/v2\/media\/1972"}],"wp:attachment":[{"href":"https:\/\/www.afaprogres.cat\/web\/wp-json\/wp\/v2\/media?parent=1970"}],"wp:term":[{"taxonomy":"category","embeddable":true,"href":"https:\/\/www.afaprogres.cat\/web\/wp-json\/wp\/v2\/categories?post=1970"},{"taxonomy":"post_tag","embeddable":true,"href":"https:\/\/www.afaprogres.cat\/web\/wp-json\/wp\/v2\/tags?post=1970"}],"curies":[{"name":"wp","href":"https:\/\/api.w.org\/{rel}","templated":true}]}}