{"id":1646,"date":"2013-06-15T00:09:07","date_gmt":"2013-06-14T22:09:07","guid":{"rendered":"http:\/\/ampaprogres.topcommerce.es\/?p=1646"},"modified":"2014-06-01T15:16:39","modified_gmt":"2014-06-01T13:16:39","slug":"festival-de-patinatge","status":"publish","type":"post","link":"https:\/\/www.afaprogres.cat\/web\/festival-de-patinatge\/","title":{"rendered":"Festival de patinatge"},"content":{"rendered":"<p>El dissabte 8 de juny, la nostra escola va organitzar el seu primer festival de patinatge.<\/p>\n<p>L\u2019escola Progr\u00e9s va rebre a 4 escoles :<br \/>\nSagrada Fam\u00edlia, Torre Balldovina i Sant Just de santa coloma de Gramenet i Planas i Casals de badalona.<\/p>\n<p><a href=\"\/wp-content\/uploads\/IMG_5194.jpg\"><img loading=\"lazy\" decoding=\"async\" class=\"alignnone size-thumbnail wp-image-1699\" alt=\"IMG_5194\" src=\"\/wp-content\/uploads\/IMG_5194-150x150.jpg\" width=\"150\" height=\"150\" srcset=\"https:\/\/www.afaprogres.cat\/web\/wp-content\/uploads\/IMG_5194-150x150.jpg 150w, https:\/\/www.afaprogres.cat\/web\/wp-content\/uploads\/IMG_5194-50x50.jpg 50w, https:\/\/www.afaprogres.cat\/web\/wp-content\/uploads\/IMG_5194-60x60.jpg 60w, https:\/\/www.afaprogres.cat\/web\/wp-content\/uploads\/IMG_5194-90x90.jpg 90w\" sizes=\"auto, (max-width: 150px) 100vw, 150px\" \/><\/a>\u00a0<a href=\"\/wp-content\/uploads\/IMG_5196.jpg\"><img loading=\"lazy\" decoding=\"async\" class=\"alignnone size-thumbnail wp-image-1700\" alt=\"IMG_5196\" src=\"\/wp-content\/uploads\/IMG_5196-150x150.jpg\" width=\"150\" height=\"150\" srcset=\"https:\/\/www.afaprogres.cat\/web\/wp-content\/uploads\/IMG_5196-150x150.jpg 150w, https:\/\/www.afaprogres.cat\/web\/wp-content\/uploads\/IMG_5196-50x50.jpg 50w, https:\/\/www.afaprogres.cat\/web\/wp-content\/uploads\/IMG_5196-60x60.jpg 60w, https:\/\/www.afaprogres.cat\/web\/wp-content\/uploads\/IMG_5196-90x90.jpg 90w\" sizes=\"auto, (max-width: 150px) 100vw, 150px\" \/><\/a>\u00a0<a href=\"\/wp-content\/uploads\/IMG_5198.jpg\"><img loading=\"lazy\" decoding=\"async\" class=\"alignnone size-thumbnail wp-image-1701\" alt=\"IMG_5198\" src=\"\/wp-content\/uploads\/IMG_5198-150x150.jpg\" width=\"150\" height=\"150\" srcset=\"https:\/\/www.afaprogres.cat\/web\/wp-content\/uploads\/IMG_5198-150x150.jpg 150w, https:\/\/www.afaprogres.cat\/web\/wp-content\/uploads\/IMG_5198-50x50.jpg 50w, https:\/\/www.afaprogres.cat\/web\/wp-content\/uploads\/IMG_5198-60x60.jpg 60w, https:\/\/www.afaprogres.cat\/web\/wp-content\/uploads\/IMG_5198-90x90.jpg 90w\" sizes=\"auto, (max-width: 150px) 100vw, 150px\" \/><\/a>\u00a0<a href=\"\/wp-content\/uploads\/IMG_5199.jpg\"><img loading=\"lazy\" decoding=\"async\" class=\"alignnone size-thumbnail wp-image-1702\" alt=\"IMG_5199\" src=\"\/wp-content\/uploads\/IMG_5199-150x150.jpg\" width=\"150\" height=\"150\" srcset=\"https:\/\/www.afaprogres.cat\/web\/wp-content\/uploads\/IMG_5199-150x150.jpg 150w, https:\/\/www.afaprogres.cat\/web\/wp-content\/uploads\/IMG_5199-50x50.jpg 50w, https:\/\/www.afaprogres.cat\/web\/wp-content\/uploads\/IMG_5199-60x60.jpg 60w, https:\/\/www.afaprogres.cat\/web\/wp-content\/uploads\/IMG_5199-90x90.jpg 90w\" sizes=\"auto, (max-width: 150px) 100vw, 150px\" \/><\/a>\u00a0<a href=\"\/wp-content\/uploads\/IMG_5201.jpg\"><img loading=\"lazy\" decoding=\"async\" class=\"alignnone size-thumbnail wp-image-1703\" alt=\"IMG_5201\" src=\"\/wp-content\/uploads\/IMG_5201-150x150.jpg\" width=\"150\" height=\"150\" srcset=\"https:\/\/www.afaprogres.cat\/web\/wp-content\/uploads\/IMG_5201-150x150.jpg 150w, https:\/\/www.afaprogres.cat\/web\/wp-content\/uploads\/IMG_5201-50x50.jpg 50w, https:\/\/www.afaprogres.cat\/web\/wp-content\/uploads\/IMG_5201-60x60.jpg 60w, https:\/\/www.afaprogres.cat\/web\/wp-content\/uploads\/IMG_5201-90x90.jpg 90w\" sizes=\"auto, (max-width: 150px) 100vw, 150px\" \/><\/a>\u00a0<a href=\"\/wp-content\/uploads\/IMG_5207.jpg\"><img loading=\"lazy\" decoding=\"async\" class=\"alignnone size-thumbnail wp-image-1706\" alt=\"IMG_5207\" src=\"\/wp-content\/uploads\/IMG_5207-150x150.jpg\" width=\"150\" height=\"150\" srcset=\"https:\/\/www.afaprogres.cat\/web\/wp-content\/uploads\/IMG_5207-150x150.jpg 150w, https:\/\/www.afaprogres.cat\/web\/wp-content\/uploads\/IMG_5207-266x266.jpg 266w, https:\/\/www.afaprogres.cat\/web\/wp-content\/uploads\/IMG_5207-50x50.jpg 50w, https:\/\/www.afaprogres.cat\/web\/wp-content\/uploads\/IMG_5207-60x60.jpg 60w, https:\/\/www.afaprogres.cat\/web\/wp-content\/uploads\/IMG_5207-386x386.jpg 386w, https:\/\/www.afaprogres.cat\/web\/wp-content\/uploads\/IMG_5207-90x90.jpg 90w\" sizes=\"auto, (max-width: 150px) 100vw, 150px\" \/><\/a><\/p>\n<p>Despr\u00e9s de la tempesta que al mat\u00ed va caure a Badalona, la tarda calorosa i serena, va acompanyar en tot moment.<br \/>\nEls grups de nens i nenes, 133 en total, tots tan guapos&#8230;.tant ben vestits i pentinats, realitzaven les seves coreografies a ritme de m\u00fasica disco, actual i divertida. Alguns entrebancs, caigudes&#8230; pr\u00f2pies dels nervis i l\u2019emoci\u00f3 d\u2019actuar davant de la fam\u00edlia i de tot el p\u00fablic que omplia el pati&#8230; piruetes, salts, rodes, \u00e0ngels i \u00e0ligues tot amb bona coordinaci\u00f3 i complicant el encreuaments i rodes pr\u00f2pies de la coreografia&#8230; tot plegat una art\u00edstica lli\u00e7\u00f3 d\u2019esport i de entrenament f\u00edsic.<\/p>\n<p><strong>Aqu\u00ed hi es el v\u00eddeo de l\u2019actuaci\u00f3 del nostre equip:<\/strong><br \/>\n<iframe loading=\"lazy\" src=\"\/\/www.youtube.com\/embed\/LkkYFOPaHBM?rel=0\" height=\"332\" width=\"590\" allowfullscreen=\"\" frameborder=\"0\"><\/iframe><\/p>\n<p>Al acabar, els equips formaven files i rebien una merescuda ovaci\u00f3 de tots els assistents i els vam fer entrega d\u2019un petit obsequi. Veure la pista plena d&#8217;aquests petits esportistes omplia d&#8217;orgull a monitors, pares, mares, familiars i amics.<br \/>\nPer recuperar forces, i gr\u00e0cies als 12 pans de pessics que vam preparar a casa entre molts dels pares i amb sucs i xocolata que ens va oferir l\u2019ampa, tots el patinadors i els nens assistents, van berenar.<br \/>\nAl acabar, el pati va ser recollit i endre\u00e7at amb la col\u2022laboraci\u00f3 de tothom i vam marxar a casa amb una agradable sensaci\u00f3 d\u2019haver passat una tarda fant\u00e0stica veient actuar a aquets 133 petis artistes.<br \/>\nVa ser una tarda per no oblidar&#8230;.<\/p>\n<p><strong>Agra\u00efments:<\/strong><br \/>\nA la Gemma, la S\u00edlvia, l\u2019Artur i la N\u00faria, entrenadors \/ entrenadores dels equips, a tots els pares i mares per ser un exemple de coordinaci\u00f3 en preparar i recollir tot el necessari, a les fam\u00edlies que van cuinar els pans, als 2 pares que van preparar l\u2019equip de m\u00fasica, so i imatge, a la direcci\u00f3 per oferir-nos les seves instalacions i a l\u2019ampa per la seva aportaci\u00f3 al berenar.<br \/>\nSense tot aix\u00f2 i tots vosaltres, no hauria estat possible &#8230;. gr\u00e0cies !<\/p>\n<p><strong>Galeria de fotos<\/strong><\/p>\n<p>[gdl_gallery title=&#8221;Festival patinatge&#8221; width=&#8221;60&#8243; height=&#8221;60&#8243; ]<\/p>\n<p><strong>Sofia Royo,<br \/>\nCoordinadora de patinatge. Ampa Prog\u00e9s.<\/strong><\/p>\n","protected":false},"excerpt":{"rendered":"<p>El dissabte 8 de juny, la nostra escola va organitzar el seu primer festival de patinatge.<\/p>\n<p>L\u2019escola Progr\u00e9s va rebre a 4 escoles :<br \/>\nSagrada Fam\u00edlia, Torre Balldovina i Sant Just de santa coloma de Gramenet i Planas i Casals de badalona.<\/p>\n","protected":false},"author":9,"featured_media":1706,"comment_status":"open","ping_status":"closed","sticky":false,"template":"","format":"standard","meta":{"footnotes":""},"categories":[112,116],"tags":[],"class_list":["post-1646","post","type-post","status-publish","format-standard","has-post-thumbnail","hentry","category-extraescolars","category-patinatge"],"post_mailing_queue_ids":[],"_links":{"self":[{"href":"https:\/\/www.afaprogres.cat\/web\/wp-json\/wp\/v2\/posts\/1646","targetHints":{"allow":["GET"]}}],"collection":[{"href":"https:\/\/www.afaprogres.cat\/web\/wp-json\/wp\/v2\/posts"}],"about":[{"href":"https:\/\/www.afaprogres.cat\/web\/wp-json\/wp\/v2\/types\/post"}],"author":[{"embeddable":true,"href":"https:\/\/www.afaprogres.cat\/web\/wp-json\/wp\/v2\/users\/9"}],"replies":[{"embeddable":true,"href":"https:\/\/www.afaprogres.cat\/web\/wp-json\/wp\/v2\/comments?post=1646"}],"version-history":[{"count":13,"href":"https:\/\/www.afaprogres.cat\/web\/wp-json\/wp\/v2\/posts\/1646\/revisions"}],"predecessor-version":[{"id":3969,"href":"https:\/\/www.afaprogres.cat\/web\/wp-json\/wp\/v2\/posts\/1646\/revisions\/3969"}],"wp:featuredmedia":[{"embeddable":true,"href":"https:\/\/www.afaprogres.cat\/web\/wp-json\/wp\/v2\/media\/1706"}],"wp:attachment":[{"href":"https:\/\/www.afaprogres.cat\/web\/wp-json\/wp\/v2\/media?parent=1646"}],"wp:term":[{"taxonomy":"category","embeddable":true,"href":"https:\/\/www.afaprogres.cat\/web\/wp-json\/wp\/v2\/categories?post=1646"},{"taxonomy":"post_tag","embeddable":true,"href":"https:\/\/www.afaprogres.cat\/web\/wp-json\/wp\/v2\/tags?post=1646"}],"curies":[{"name":"wp","href":"https:\/\/api.w.org\/{rel}","templated":true}]}}