{"id":1156,"date":"2012-11-13T12:46:28","date_gmt":"2012-11-13T12:46:28","guid":{"rendered":"http:\/\/ampaprogres.topcommerce.es\/?p=1156"},"modified":"2013-05-02T15:20:59","modified_gmt":"2013-05-02T15:20:59","slug":"vaga-14n-les-federacions-dampas-hi-donen-suport","status":"publish","type":"post","link":"https:\/\/www.afaprogres.cat\/web\/vaga-14n-les-federacions-dampas-hi-donen-suport\/","title":{"rendered":"VAGA 14N: les federacions d&#8217;AMPAS hi donen suport"},"content":{"rendered":"<p>Com sabeu, dem\u00e0 14 de novembre hi ha convocada una vaga general d&#8217;avast europeu en protesta per les pol\u00edtiques d&#8217;austeritat i el desmantellament de l&#8217;estat del benestar.<\/p>\n<p>A la nostra escola la majoria de mestres s&#8217;hi han adherit.<\/p>\n<p>La junta de l&#8217;Ampa vam debatre si ens hi hav\u00edem d&#8217;adherir o no, si ens corresponia fer-ho sense passar la decisi\u00f3 per assemblea. Com que no hi havia assemblea convocada, vam decidir no adherir-nos-hi. Tot i aix\u00ed, les extraescolars han quedat afectades per una q\u00fcesti\u00f3 sobretot log\u00edstica.<\/p>\n<p>Aix\u00f2 no obstant, us informem del suport que han donat tant la Fapac (Federaci\u00f3 d&#8217;Ampas de Catalunya) com la Fampas (Federaci\u00f3 d&#8217;Ampas de Badalona), de les quals som membres.<\/p>\n<h1><strong>Fampas d\u00f3na suport a la vaga general<br \/>\n<\/strong><\/h1>\n<p>El 14 de novembre hi ha convocada una Vaga General coincidint amb la Jornada d&#8217;Acci\u00f3 Europea,\u00a0<strong>una mobilitzaci\u00f3 global impulsada per la CES per combatre les pol\u00edtiques d&#8217;austeritat aplicades pels governs europeus<\/strong>.<\/p>\n<p>Com a persones individuals tenim moltes raons per secundar aquesta vaga i protestar contra unes retallades laborals, socials i econ\u00f2miques que no fan res m\u00e9s que precaritzar i hipotecar el nostre futur.<\/p>\n<p>Com a col\u00b7lectiu d&#8217;AMPA ens sobren les raons, les retallades en educaci\u00f3 ja les estan patint cada dia els nostres fills a l&#8217;escola.<\/p>\n<p>Com podem participar en aquesta Vaga General?:<\/p>\n<ul>\n<li>Fent difusi\u00f3 d&#8217;aquesta convocat\u00f2ria entre les fam\u00edlies<\/li>\n<li>No realitzant activitats i serveis organitzats per l&#8217;AMPA<\/li>\n<li>No portant els nens a l&#8217;escola<\/li>\n<\/ul>\n<ul>\n<li>Participant a la manifestaci\u00f3 unit\u00e0ria de Badalona, 14N, 13.30h, al\u00a0Centre Comercial M\u00e0gic. NO US OBLIDEU LES\u00a0SAMARRETES GROGUES.<\/li>\n<\/ul>\n<p><a href=\"http:\/\/ampaprogres.topcommerce.es\/wp-content\/uploads\/14Nfampas.pdf\"><img loading=\"lazy\" decoding=\"async\" class=\"caption\" alt=\"manifest FAMPAS\" src=\"http:\/\/afaprogres.cat\/images\/AMPA\/adobe.jpg\" width=\"82\" height=\"82\" \/><\/a><a href=\"http:\/\/ampaprogres.topcommerce.es\/wp-content\/uploads\/14Nbdnesmou.pdf\"><img loading=\"lazy\" decoding=\"async\" alt=\"manifest Badalona es Mou\" src=\"http:\/\/afaprogres.cat\/images\/AMPA\/adobe.jpg\" width=\"82\" height=\"82\" \/><\/a><\/p>\n<h1><a href=\"http:\/\/www.fapac.cat\/2012\/11\/La-FaPaC-d%C3%B3na-suport-la-jornada-de-vaga-14N\">La FaPaC d\u00f3na suport a la jornada de vaga 14N<\/a><\/h1>\n<p><a href=\"http:\/\/ampaprogres.topcommerce.es\/wp-content\/uploads\/cartell_vaga14n_a4.jpg\"><img loading=\"lazy\" decoding=\"async\" class=\"size-medium wp-image-1160 alignright\" alt=\"cartell_vaga14n_a4\" src=\"http:\/\/ampaprogres.topcommerce.es\/wp-content\/uploads\/cartell_vaga14n_a4-212x300.jpg\" width=\"212\" height=\"300\" srcset=\"https:\/\/www.afaprogres.cat\/web\/wp-content\/uploads\/cartell_vaga14n_a4-212x300.jpg 212w, https:\/\/www.afaprogres.cat\/web\/wp-content\/uploads\/cartell_vaga14n_a4-724x1024.jpg 724w, https:\/\/www.afaprogres.cat\/web\/wp-content\/uploads\/cartell_vaga14n_a4.jpg 1654w\" sizes=\"auto, (max-width: 212px) 100vw, 212px\" \/><\/a>La FaPaC d\u00f3na suport a la convocat\u00f2ria de vaga general, dimecres 14 de novembre, una jornada de lluita i mobilitzaci\u00f3 contra les retallades i per defensar el futur dels nostres fills.<\/p>\n<p>FaPaC, com a entitat integrant del MUCE i de la Plataforma Prou Retallades, juntament amb estudiants, sindicats, moviments de renovaci\u00f3&#8230; d\u00f3na suport a aquesta\u00a0<strong>jornada de lluita i de mobilitzaci\u00f3 prevista a tota Europa en contra de les pol\u00edtiques de retallades i austeritat dictades per la Comissi\u00f3 Europea, el BCE i l&#8217;FMI de manera gens democr\u00e0tica.<\/strong><\/p>\n<p>Exigim un canvi de pol\u00edtiques a Catalunya, Espanya i Europa. Aquesta \u00e9s una vaga general laboral, per\u00f2 tamb\u00e9 social i de consum.<\/p>\n<p>Considereu les raons de la vaga perqu\u00e8 ens afecta a tothom. El futur dels nostres fills est\u00e0 a les nostres mans. Amb aquestes pol\u00edtiques ens hi juguem el futur dels nostres fills i filles.<\/p>\n<p>&nbsp;<\/p>\n<p>&nbsp;<\/p>\n<p>&nbsp;<\/p>\n","protected":false},"excerpt":{"rendered":"<p>Com sabeu, dem\u00e0 14 de novembre hi ha convocada una vaga general d&#8217;avast europeu en protesta per les pol\u00edtiques d&#8217;austeritat i el desmantellament de l&#8217;estat del benestar. A la nostra escola la majoria de mestres s&#8217;hi han adherit. La junta&#8230;<\/p>\n","protected":false},"author":9,"featured_media":1160,"comment_status":"open","ping_status":"closed","sticky":false,"template":"","format":"standard","meta":{"footnotes":""},"categories":[13],"tags":[],"class_list":["post-1156","post","type-post","status-publish","format-standard","has-post-thumbnail","hentry","category-noticies"],"post_mailing_queue_ids":[],"_links":{"self":[{"href":"https:\/\/www.afaprogres.cat\/web\/wp-json\/wp\/v2\/posts\/1156","targetHints":{"allow":["GET"]}}],"collection":[{"href":"https:\/\/www.afaprogres.cat\/web\/wp-json\/wp\/v2\/posts"}],"about":[{"href":"https:\/\/www.afaprogres.cat\/web\/wp-json\/wp\/v2\/types\/post"}],"author":[{"embeddable":true,"href":"https:\/\/www.afaprogres.cat\/web\/wp-json\/wp\/v2\/users\/9"}],"replies":[{"embeddable":true,"href":"https:\/\/www.afaprogres.cat\/web\/wp-json\/wp\/v2\/comments?post=1156"}],"version-history":[{"count":5,"href":"https:\/\/www.afaprogres.cat\/web\/wp-json\/wp\/v2\/posts\/1156\/revisions"}],"predecessor-version":[{"id":1197,"href":"https:\/\/www.afaprogres.cat\/web\/wp-json\/wp\/v2\/posts\/1156\/revisions\/1197"}],"wp:featuredmedia":[{"embeddable":true,"href":"https:\/\/www.afaprogres.cat\/web\/wp-json\/wp\/v2\/media\/1160"}],"wp:attachment":[{"href":"https:\/\/www.afaprogres.cat\/web\/wp-json\/wp\/v2\/media?parent=1156"}],"wp:term":[{"taxonomy":"category","embeddable":true,"href":"https:\/\/www.afaprogres.cat\/web\/wp-json\/wp\/v2\/categories?post=1156"},{"taxonomy":"post_tag","embeddable":true,"href":"https:\/\/www.afaprogres.cat\/web\/wp-json\/wp\/v2\/tags?post=1156"}],"curies":[{"name":"wp","href":"https:\/\/api.w.org\/{rel}","templated":true}]}}