{"id":10739,"date":"2026-04-29T16:52:51","date_gmt":"2026-04-29T14:52:51","guid":{"rendered":"https:\/\/www.afaprogres.cat\/web\/?p=10739"},"modified":"2026-04-29T16:52:51","modified_gmt":"2026-04-29T14:52:51","slug":"maig-festes-de-maig","status":"publish","type":"post","link":"https:\/\/www.afaprogres.cat\/web\/maig-festes-de-maig\/","title":{"rendered":"Maig &#8211; Festes de Maig"},"content":{"rendered":"<p>Aquest mes hem descobert les <strong>Festes de Maig<\/strong>, un dels esdeveniments m\u00e9s importants de la nostra ciutat. Al llarg dels dies hem anat coneixent millor les tradicions que formen part d\u2019aquesta celebraci\u00f3 tan especial.<\/p>\n<p>Hem esbrinat per qu\u00e8 es crema un <strong>dimoni<\/strong> a la platja, qui \u00e9s la <strong>Fumera<\/strong>, qu\u00e8 \u00e9s el <strong>Ball de l\u2019\u00c0liga<\/strong> i moltes altres curiositats sobre les nostres festes populars. A trav\u00e9s d\u2019aquest treball hem apr\u00e8s a valorar les tradicions del nostre entorn, despertant la curiositat pels costums de la ciutat i fomentant el respecte per la cultura i la hist\u00f2ria que ens envolta.<\/p>\n<p>Hem treballat aquestes tradicions com a exemple d\u2019identitat i comunitat, entenent la import\u00e0ncia de con\u00e8ixer les festes del nostre poble per sentir-nos part d\u2019elles i poder-les gaudir amb respecte i il\u00b7lusi\u00f3.<\/p>\n<p>Rutines de menjador: cr\u00e9ixer ajudant-nos &#x1f37d;&#xfe0f;<\/p>\n<p>Tamb\u00e9 hem continuat amb les nostres rutines de menjador, refor\u00e7ant els valors de l\u2019autonomia, la responsabilitat i l\u2019acompanyament entre iguals. Els infants m\u00e9s grans segueixen ajudant els m\u00e9s petits en les tasques quotidianes:<\/p>\n<p>\u2022 ajudar a dinar,<\/p>\n<p>\u2022 posar-se les sabatetes,<\/p>\n<p>\u2022 recollir,<\/p>\n<p>\u2022 tenir cura dels companys.<\/p>\n<p>Aquestes accions, tan senzilles com importants, fomenten la cooperaci\u00f3, l\u2019empatia i el respecte, creant un ambient de conviv\u00e8ncia positiu i ajudant els infants a cr\u00e9ixer en autonomia i seguretat.<\/p>\n<p>Seguim avan\u00e7ant, aprenent i creixent junts, pas a pas &#x1f49a;<\/p>\n<p>I aix\u00f2 no \u00e9s tot! Us deixem el men\u00fa del mes, la recepta i el men\u00fa de sopars:<\/p>\n<p>Men\u00fa escolar de maig: saludable i de temporada perqu\u00e8 els infants gaudeixin d\u2019un mes ple d\u2019energia i bons sabors, coincidint amb les esperades <strong>Festes de Maig<\/strong> de la nostra ciutat.<\/p>\n<p><img loading=\"lazy\" decoding=\"async\" class=\"alignright wp-image-10740 size-full\" src=\"https:\/\/www.afaprogres.cat\/web\/wp-content\/uploads\/Maig-basal_page-0001.jpg\" alt=\"\" width=\"1755\" height=\"1241\" srcset=\"https:\/\/www.afaprogres.cat\/web\/wp-content\/uploads\/Maig-basal_page-0001.jpg 1755w, https:\/\/www.afaprogres.cat\/web\/wp-content\/uploads\/Maig-basal_page-0001-300x212.jpg 300w, https:\/\/www.afaprogres.cat\/web\/wp-content\/uploads\/Maig-basal_page-0001-1024x724.jpg 1024w, https:\/\/www.afaprogres.cat\/web\/wp-content\/uploads\/Maig-basal_page-0001-768x543.jpg 768w, https:\/\/www.afaprogres.cat\/web\/wp-content\/uploads\/Maig-basal_page-0001-1536x1086.jpg 1536w\" sizes=\"auto, (max-width: 1755px) 100vw, 1755px\" \/><\/p>\n<p><strong>La<\/strong> <strong>recepta<\/strong> <strong>del<\/strong> <strong>mes<\/strong>: una proposta deliciosa i nutritiva perqu\u00e8 la pugueu preparar tamb\u00e9 a casa.<\/p>\n<p>Hummus de remolatxa<\/p>\n<p>El men\u00fa d\u2019idees per sopars, pensat per fer la vida una mica m\u00e9s f\u00e0cil a les fam\u00edlies.<\/p>\n<p>No us ho perdeu! Entre tots i totes, fem del Progr\u00e9s un espai ple de curiositat, respecte i bon gust!<\/p>\n<p><img loading=\"lazy\" decoding=\"async\" class=\"alignright wp-image-10741 size-full\" src=\"https:\/\/www.afaprogres.cat\/web\/wp-content\/uploads\/Maig-sopars_page-0001.jpg\" alt=\"\" width=\"1755\" height=\"1241\" srcset=\"https:\/\/www.afaprogres.cat\/web\/wp-content\/uploads\/Maig-sopars_page-0001.jpg 1755w, https:\/\/www.afaprogres.cat\/web\/wp-content\/uploads\/Maig-sopars_page-0001-300x212.jpg 300w, https:\/\/www.afaprogres.cat\/web\/wp-content\/uploads\/Maig-sopars_page-0001-1024x724.jpg 1024w, https:\/\/www.afaprogres.cat\/web\/wp-content\/uploads\/Maig-sopars_page-0001-768x543.jpg 768w, https:\/\/www.afaprogres.cat\/web\/wp-content\/uploads\/Maig-sopars_page-0001-1536x1086.jpg 1536w\" sizes=\"auto, (max-width: 1755px) 100vw, 1755px\" \/><\/p>\n<p>&nbsp;<\/p>\n<p data-start=\"1103\" data-end=\"1212\">\n","protected":false},"excerpt":{"rendered":"<p>Aquest mes hem descobert les Festes de Maig, un dels esdeveniments m\u00e9s importants de la nostra ciutat. Al llarg dels dies hem anat coneixent millor les tradicions que formen part d\u2019aquesta celebraci\u00f3 tan especial. Hem esbrinat per qu\u00e8 es crema&#8230;<\/p>\n","protected":false},"author":17,"featured_media":10744,"comment_status":"open","ping_status":"closed","sticky":false,"template":"","format":"standard","meta":{"footnotes":""},"categories":[61],"tags":[166,165],"class_list":["post-10739","post","type-post","status-publish","format-standard","has-post-thumbnail","hentry","category-menjador-2","tag-maig","tag-menjadors"],"post_mailing_queue_ids":[],"_links":{"self":[{"href":"https:\/\/www.afaprogres.cat\/web\/wp-json\/wp\/v2\/posts\/10739","targetHints":{"allow":["GET"]}}],"collection":[{"href":"https:\/\/www.afaprogres.cat\/web\/wp-json\/wp\/v2\/posts"}],"about":[{"href":"https:\/\/www.afaprogres.cat\/web\/wp-json\/wp\/v2\/types\/post"}],"author":[{"embeddable":true,"href":"https:\/\/www.afaprogres.cat\/web\/wp-json\/wp\/v2\/users\/17"}],"replies":[{"embeddable":true,"href":"https:\/\/www.afaprogres.cat\/web\/wp-json\/wp\/v2\/comments?post=10739"}],"version-history":[{"count":1,"href":"https:\/\/www.afaprogres.cat\/web\/wp-json\/wp\/v2\/posts\/10739\/revisions"}],"predecessor-version":[{"id":10743,"href":"https:\/\/www.afaprogres.cat\/web\/wp-json\/wp\/v2\/posts\/10739\/revisions\/10743"}],"wp:featuredmedia":[{"embeddable":true,"href":"https:\/\/www.afaprogres.cat\/web\/wp-json\/wp\/v2\/media\/10744"}],"wp:attachment":[{"href":"https:\/\/www.afaprogres.cat\/web\/wp-json\/wp\/v2\/media?parent=10739"}],"wp:term":[{"taxonomy":"category","embeddable":true,"href":"https:\/\/www.afaprogres.cat\/web\/wp-json\/wp\/v2\/categories?post=10739"},{"taxonomy":"post_tag","embeddable":true,"href":"https:\/\/www.afaprogres.cat\/web\/wp-json\/wp\/v2\/tags?post=10739"}],"curies":[{"name":"wp","href":"https:\/\/api.w.org\/{rel}","templated":true}]}}