{"id":10712,"date":"2026-03-02T15:20:54","date_gmt":"2026-03-02T14:20:54","guid":{"rendered":"https:\/\/www.afaprogres.cat\/web\/?p=10712"},"modified":"2026-03-02T15:28:59","modified_gmt":"2026-03-02T14:28:59","slug":"marc-greta-thrunberg","status":"publish","type":"post","link":"https:\/\/www.afaprogres.cat\/web\/marc-greta-thrunberg\/","title":{"rendered":"Mar\u00e7 &#8211; Greta Thunberg"},"content":{"rendered":"<p data-start=\"400\" data-end=\"671\">Aquest mes hem descobert la figura de <strong data-start=\"438\" data-end=\"479\"><span class=\"hover:entity-accent entity-underline inline cursor-pointer align-baseline\"><span class=\"whitespace-normal\">Greta Thunberg<\/span><\/span><\/strong> (Estocolm, 2003), una jove activista ambiental que, quan era adolescent, va comen\u00e7ar a protestar davant del Parlament de Su\u00e8cia per exigir als pol\u00edtics mesures reals contra el canvi clim\u00e0tic.<\/p>\n<p data-start=\"673\" data-end=\"1070\">A trav\u00e9s del moviment <strong data-start=\"695\" data-end=\"717\">Fridays for Future<\/strong>, ha aconseguit mobilitzar joves d\u2019arreu del m\u00f3n i s\u2019ha convertit en un referent internacional en la lluita per la defensa del planeta. Hem treballat la seva hist\u00f2ria com a exemple de comprom\u00eds, valentia i responsabilitat social, reflexionant sobre la import\u00e0ncia de cuidar el nostre entorn i entendre que les petites accions tamb\u00e9 generen grans canvis.<\/p>\n<h2 data-start=\"1072\" data-end=\"1119\">Rutines de menjador: aprendre a conviure &#x1f37d;&#xfe0f;<\/h2>\n<p data-start=\"1121\" data-end=\"1354\">Tamb\u00e9 hem continuat amb les nostres <strong data-start=\"1157\" data-end=\"1180\">rutines de menjador<\/strong>, refor\u00e7ant els valors de l\u2019autonomia, la responsabilitat i l\u2019acompanyament entre iguals. Els infants m\u00e9s grans segueixen ajudant els m\u00e9s petits en les tasques quotidianes:<\/p>\n<ul data-start=\"1355\" data-end=\"1444\">\n<li data-start=\"1355\" data-end=\"1374\">\n<p data-start=\"1357\" data-end=\"1374\">ajudar a dinar,<\/p>\n<\/li>\n<li data-start=\"1375\" data-end=\"1402\">\n<p data-start=\"1377\" data-end=\"1402\">posar-se les sabatetes,<\/p>\n<\/li>\n<li data-start=\"1403\" data-end=\"1416\">\n<p data-start=\"1405\" data-end=\"1416\">recollir,<\/p>\n<\/li>\n<li data-start=\"1417\" data-end=\"1444\">\n<p data-start=\"1419\" data-end=\"1444\">tenir cura dels companys.<\/p>\n<\/li>\n<\/ul>\n<p data-start=\"1446\" data-end=\"1613\">Aquestes accions, tan senzilles com importants, fomenten la cooperaci\u00f3, l\u2019empatia i el respecte, construint vincles positius i una conviv\u00e8ncia basada en l\u2019ajuda m\u00fatua.<\/p>\n<p data-start=\"1615\" data-end=\"1671\" data-is-last-node=\"\" data-is-only-node=\"\">Seguim avan\u00e7ant, aprenent i creixent junts, pas a pas &#x1f49a;<\/p>\n<p data-start=\"896\" data-end=\"1101\">I aix\u00f2 no \u00e9s tot!, us deixem el men\u00fa del mes, la recepta i el men\u00fa de sopars:<\/p>\n<p><strong data-start=\"3\" data-end=\"32\">Men\u00fa escolar de mar\u00e7:<\/strong> saludables i de temporada perqu\u00e8 els infants gaudeixin d\u2019un mes ple d\u2019energia i bons sabors!<\/p>\n<p><img loading=\"lazy\" decoding=\"async\" class=\"alignright wp-image-10715 size-full\" src=\"https:\/\/www.afaprogres.cat\/web\/wp-content\/uploads\/Progres-Basal_marc.jpg\" alt=\"\" width=\"1755\" height=\"1241\" srcset=\"https:\/\/www.afaprogres.cat\/web\/wp-content\/uploads\/Progres-Basal_marc.jpg 1755w, https:\/\/www.afaprogres.cat\/web\/wp-content\/uploads\/Progres-Basal_marc-300x212.jpg 300w, https:\/\/www.afaprogres.cat\/web\/wp-content\/uploads\/Progres-Basal_marc-1024x724.jpg 1024w, https:\/\/www.afaprogres.cat\/web\/wp-content\/uploads\/Progres-Basal_marc-768x543.jpg 768w, https:\/\/www.afaprogres.cat\/web\/wp-content\/uploads\/Progres-Basal_marc-1536x1086.jpg 1536w\" sizes=\"auto, (max-width: 1755px) 100vw, 1755px\" \/><br \/>\nLa recepta del mes es <a href=\"https:\/\/www.afaprogres.cat\/web\/wp-content\/uploads\/Recepta-marc-2026-Flors-de-carxofa-amb-pernil_page-0001.jpg\"><strong>Flors de carxofa amb perfil<\/strong><\/a>, bon\u00edssima!<\/p>\n<p><strong data-start=\"1010\" data-end=\"1040\">El men\u00fa d\u2019idees per sopars<\/strong>, pensat per fer la vida una mica m\u00e9s f\u00e0cil a les fam\u00edlies.<\/p>\n<p>No us ho perdeu! Entre tots i totes, fem del Progr\u00e9s un espai ple de curiositat, respecte i bon gust!<\/p>\n<p><img loading=\"lazy\" decoding=\"async\" class=\"alignright wp-image-10716 size-full\" src=\"https:\/\/www.afaprogres.cat\/web\/wp-content\/uploads\/Progres-Sopars_marc.jpg\" alt=\"\" width=\"1755\" height=\"1241\" srcset=\"https:\/\/www.afaprogres.cat\/web\/wp-content\/uploads\/Progres-Sopars_marc.jpg 1755w, https:\/\/www.afaprogres.cat\/web\/wp-content\/uploads\/Progres-Sopars_marc-300x212.jpg 300w, https:\/\/www.afaprogres.cat\/web\/wp-content\/uploads\/Progres-Sopars_marc-1024x724.jpg 1024w, https:\/\/www.afaprogres.cat\/web\/wp-content\/uploads\/Progres-Sopars_marc-768x543.jpg 768w, https:\/\/www.afaprogres.cat\/web\/wp-content\/uploads\/Progres-Sopars_marc-1536x1086.jpg 1536w\" sizes=\"auto, (max-width: 1755px) 100vw, 1755px\" \/><\/p>\n<p>&nbsp;<\/p>\n<p data-start=\"1103\" data-end=\"1212\">\n","protected":false},"excerpt":{"rendered":"<p>Aquest mes hem descobert la figura de Greta Thunberg (Estocolm, 2003), una jove activista ambiental que, quan era adolescent, va comen\u00e7ar a protestar davant del Parlament de Su\u00e8cia per exigir als pol\u00edtics mesures reals contra el canvi clim\u00e0tic. A trav\u00e9s&#8230;<\/p>\n","protected":false},"author":17,"featured_media":10713,"comment_status":"open","ping_status":"closed","sticky":false,"template":"","format":"standard","meta":{"footnotes":""},"categories":[61],"tags":[163,158],"class_list":["post-10712","post","type-post","status-publish","format-standard","has-post-thumbnail","hentry","category-menjador-2","tag-marc","tag-menjador"],"post_mailing_queue_ids":[],"_links":{"self":[{"href":"https:\/\/www.afaprogres.cat\/web\/wp-json\/wp\/v2\/posts\/10712","targetHints":{"allow":["GET"]}}],"collection":[{"href":"https:\/\/www.afaprogres.cat\/web\/wp-json\/wp\/v2\/posts"}],"about":[{"href":"https:\/\/www.afaprogres.cat\/web\/wp-json\/wp\/v2\/types\/post"}],"author":[{"embeddable":true,"href":"https:\/\/www.afaprogres.cat\/web\/wp-json\/wp\/v2\/users\/17"}],"replies":[{"embeddable":true,"href":"https:\/\/www.afaprogres.cat\/web\/wp-json\/wp\/v2\/comments?post=10712"}],"version-history":[{"count":1,"href":"https:\/\/www.afaprogres.cat\/web\/wp-json\/wp\/v2\/posts\/10712\/revisions"}],"predecessor-version":[{"id":10718,"href":"https:\/\/www.afaprogres.cat\/web\/wp-json\/wp\/v2\/posts\/10712\/revisions\/10718"}],"wp:featuredmedia":[{"embeddable":true,"href":"https:\/\/www.afaprogres.cat\/web\/wp-json\/wp\/v2\/media\/10713"}],"wp:attachment":[{"href":"https:\/\/www.afaprogres.cat\/web\/wp-json\/wp\/v2\/media?parent=10712"}],"wp:term":[{"taxonomy":"category","embeddable":true,"href":"https:\/\/www.afaprogres.cat\/web\/wp-json\/wp\/v2\/categories?post=10712"},{"taxonomy":"post_tag","embeddable":true,"href":"https:\/\/www.afaprogres.cat\/web\/wp-json\/wp\/v2\/tags?post=10712"}],"curies":[{"name":"wp","href":"https:\/\/api.w.org\/{rel}","templated":true}]}}