{"id":10691,"date":"2026-01-09T13:16:26","date_gmt":"2026-01-09T12:16:26","guid":{"rendered":"https:\/\/www.afaprogres.cat\/web\/?p=10691"},"modified":"2026-01-10T15:38:31","modified_gmt":"2026-01-10T14:38:31","slug":"gener-2026","status":"publish","type":"post","link":"https:\/\/www.afaprogres.cat\/web\/gener-2026\/","title":{"rendered":"Gener amb Wangari Maathai"},"content":{"rendered":"<h3 data-start=\"140\" data-end=\"176\">&#x1f331; Dona del mes: Wangari Maathai<\/h3>\n<p data-start=\"178\" data-end=\"340\">Aquest mes, al menjador de l\u2019AFA, volem donar a con\u00e8ixer la figura de <strong data-start=\"248\" data-end=\"267\">Wangari Maathai<\/strong>, cient\u00edfica, activista ambiental i defensora dels drets humans de Kenya.<\/p>\n<p data-start=\"342\" data-end=\"724\">Wangari Maathai va ser la <strong data-start=\"368\" data-end=\"407\">fundadora del Moviment Cintur\u00f3 Verd<\/strong>, una iniciativa que animava les dones a plantar arbres com a eina per recuperar el medi ambient, lluitar contra la desforestaci\u00f3 i, alhora, millorar les seves condicions de vida i autonomia econ\u00f2mica. A trav\u00e9s d\u2019aquest moviment, es van plantar milions d\u2019arbres i es va crear una forta consci\u00e8ncia ecol\u00f2gica i social.<\/p>\n<p data-start=\"726\" data-end=\"1070\">La seva tasca incansable en favor de la pau, la just\u00edcia social i la sostenibilitat va ser reconeguda l\u2019any <strong data-start=\"834\" data-end=\"871\">2004 amb el Premi Nobel de la Pau<\/strong>, convertint-se en la <strong data-start=\"893\" data-end=\"918\">primera dona africana<\/strong> a rebre aquest guard\u00f3. El seu llegat ens recorda la import\u00e0ncia de cuidar el planeta i de treballar col\u00b7lectivament per un futur m\u00e9s just i sostenible.<\/p>\n<p data-start=\"726\" data-end=\"1070\"><img loading=\"lazy\" decoding=\"async\" class=\"alignright size-full wp-image-10699\" src=\"https:\/\/www.afaprogres.cat\/web\/wp-content\/uploads\/Gener26.jpg\" alt=\"\" width=\"1755\" height=\"1241\" srcset=\"https:\/\/www.afaprogres.cat\/web\/wp-content\/uploads\/Gener26.jpg 1755w, https:\/\/www.afaprogres.cat\/web\/wp-content\/uploads\/Gener26-300x212.jpg 300w, https:\/\/www.afaprogres.cat\/web\/wp-content\/uploads\/Gener26-1024x724.jpg 1024w, https:\/\/www.afaprogres.cat\/web\/wp-content\/uploads\/Gener26-768x543.jpg 768w, https:\/\/www.afaprogres.cat\/web\/wp-content\/uploads\/Gener26-1536x1086.jpg 1536w\" sizes=\"auto, (max-width: 1755px) 100vw, 1755px\" \/><\/p>\n<p data-start=\"726\" data-end=\"1070\">\n<h3 data-start=\"1077\" data-end=\"1119\">&#x1f37d;&#xfe0f; Recepta del mes: <a href=\"https:\/\/www.afaprogres.cat\/web\/wp-content\/uploads\/Recepta-gener-26-Truita-de-calcots.pdf\">Truita de cal\u00e7ots<\/a><\/h3>\n<p data-start=\"1121\" data-end=\"1255\">Aquest mes, al menjador, celebrem els productes de temporada amb una recepta senzilla, saludable i molt nostra: <strong data-start=\"1233\" data-end=\"1254\">truita de cal\u00e7ots<\/strong>.<\/p>\n<p data-start=\"1257\" data-end=\"1507\">Els cal\u00e7ots s\u00f3n una font de fibra i vitamines, i incorporarlos al men\u00fa \u00e9s una manera deliciosa d\u2019apropar els infants als sabors de proximitat i a una alimentaci\u00f3 equilibrada. Una recepta tradicional que combina gust, temporada i cultura gastron\u00f2mica.<\/p>\n<p>&nbsp;<\/p>\n<hr data-start=\"1397\" data-end=\"1400\" \/>\n<p data-start=\"1402\" data-end=\"1575\"><strong>No us ho perdeu!<\/strong><br data-start=\"16\" data-end=\"19\" \/>Entre tots i totes, fem de <strong>l&#8217;Escola Progr\u00e9s<\/strong> un espai ple de curiositat, respecte i bon gust.<br data-start=\"103\" data-end=\"106\" \/>Que aquest <strong data-start=\"117\" data-end=\"130\">gener ens<\/strong> regali nous aprenentatges i moments per compartir! &#x2728;<\/p>\n","protected":false},"excerpt":{"rendered":"<p>&#x1f331; Dona del mes: Wangari Maathai Aquest mes, al menjador de l\u2019AFA, volem donar a con\u00e8ixer la figura de Wangari Maathai, cient\u00edfica, activista ambiental i defensora dels drets humans de Kenya. Wangari Maathai va ser la fundadora del Moviment Cintur\u00f3&#8230;<\/p>\n","protected":false},"author":17,"featured_media":10696,"comment_status":"open","ping_status":"closed","sticky":false,"template":"","format":"standard","meta":{"footnotes":""},"categories":[61],"tags":[161,158,160],"class_list":["post-10691","post","type-post","status-publish","format-standard","has-post-thumbnail","hentry","category-menjador-2","tag-gener","tag-menjador","tag-nadal"],"post_mailing_queue_ids":[],"_links":{"self":[{"href":"https:\/\/www.afaprogres.cat\/web\/wp-json\/wp\/v2\/posts\/10691","targetHints":{"allow":["GET"]}}],"collection":[{"href":"https:\/\/www.afaprogres.cat\/web\/wp-json\/wp\/v2\/posts"}],"about":[{"href":"https:\/\/www.afaprogres.cat\/web\/wp-json\/wp\/v2\/types\/post"}],"author":[{"embeddable":true,"href":"https:\/\/www.afaprogres.cat\/web\/wp-json\/wp\/v2\/users\/17"}],"replies":[{"embeddable":true,"href":"https:\/\/www.afaprogres.cat\/web\/wp-json\/wp\/v2\/comments?post=10691"}],"version-history":[{"count":3,"href":"https:\/\/www.afaprogres.cat\/web\/wp-json\/wp\/v2\/posts\/10691\/revisions"}],"predecessor-version":[{"id":10701,"href":"https:\/\/www.afaprogres.cat\/web\/wp-json\/wp\/v2\/posts\/10691\/revisions\/10701"}],"wp:featuredmedia":[{"embeddable":true,"href":"https:\/\/www.afaprogres.cat\/web\/wp-json\/wp\/v2\/media\/10696"}],"wp:attachment":[{"href":"https:\/\/www.afaprogres.cat\/web\/wp-json\/wp\/v2\/media?parent=10691"}],"wp:term":[{"taxonomy":"category","embeddable":true,"href":"https:\/\/www.afaprogres.cat\/web\/wp-json\/wp\/v2\/categories?post=10691"},{"taxonomy":"post_tag","embeddable":true,"href":"https:\/\/www.afaprogres.cat\/web\/wp-json\/wp\/v2\/tags?post=10691"}],"curies":[{"name":"wp","href":"https:\/\/api.w.org\/{rel}","templated":true}]}}