{"id":10345,"date":"2025-03-16T18:34:49","date_gmt":"2025-03-16T17:34:49","guid":{"rendered":"https:\/\/www.afaprogres.cat\/web\/?p=10345"},"modified":"2025-03-16T18:34:49","modified_gmt":"2025-03-16T17:34:49","slug":"resum-de-la-reunio-de-la-junta-de-lafa-14-03-2025","status":"publish","type":"post","link":"https:\/\/www.afaprogres.cat\/web\/resum-de-la-reunio-de-la-junta-de-lafa-14-03-2025\/","title":{"rendered":"Resum de la reuni\u00f3 de la Junta de l&#8217;AFA 14\/03\/2025"},"content":{"rendered":"<h4>Proposta de casal d\u2019estiu<\/h4>\n<p>S\u2019ha aconseguit estabilitzar el director del casal i els monitors amb una millora salarial.<\/p>\n<p>El casal comptar\u00e0 amb dos directors: un d\u2019infantil i un de prim\u00e0ria.<\/p>\n<p>Es faran algunes sortides separades entre infantil i prim\u00e0ria. Tamb\u00e9 hi haur\u00e0 sortides noves.<\/p>\n<p>El centre d\u2019inter\u00e8s del casal ser\u00e0 l\u2019<a href=\"https:\/\/ca.wikipedia.org\/wiki\/Espai\">espai<\/a>.<\/p>\n<p>S\u2019han hagut d\u2019apujar els preus a causa de les millores salarials que se\u2019ls ofereix als treballadors i a l\u2019increment de preus de l\u2019activitat del n\u00e0utic, autocars i c\u00e0tering.<\/p>\n<p>Es pregunta per la selecci\u00f3 de monitors i la vocal de casals explica que ella mateixa hi participa.<\/p>\n<p>Per als infants amb <acronym title=\"Necessitats Espec\u00edfiques de Suport Educatiu\">NESE<\/acronym> es far\u00e0 una llibreta de seguiment diari en  la qual s\u2019anotar\u00e0 com responen a les activitats, estones d\u2019atenci\u00f3, quines activitats els agraden m\u00e9s o menys, etc.<\/p>\n<p>La vocal del casal creu convenient l&#8217;exist\u00e8ncia d&#8217;una figura de coordinador de vetlladors i es proposa ella mateixa per al c\u00e0rrec. At\u00e8s que es tracta d&#8217;una feina remunerada s\u2019ha de consultar si aix\u00f2 \u00e9s possible.<\/p>\n<p>Es pregunta per la selecci\u00f3 de vetlladors i la vocal explica que ella mateixa \u00e9s qui la fa i en primer lloc s\u2019intenta contractar els vetlladors de l\u2019escola.<\/p>\n<h4>Seguiment de les subvencions<\/h4>\n<p>La vocal del casal explica que el comprom\u00eds amb l\u2019<a href=\"https:\/\/www.badalona.cat\/\">Ajuntament<\/a> \u00e9s que rebrem la subvenci\u00f3 al mar\u00e7-abril (hauria d\u2019haver-se rebut a l\u2019octubre).<\/p>\n<p>El tresorer explica que la situaci\u00f3 econ\u00f2mica de l\u2019AFA \u00e9s complicada fins que no es cobri la subvenci\u00f3 de l\u2019any 2024. Si no arriba en breu no es podran pagar les despeses de l\u2019any 2025.<\/p>\n<p>La previsi\u00f3 \u00e9s que per a aquest curs 2025 ens faran entre un 50%-70% de bestreta. La subvenci\u00f3 ser\u00e0 d\u2019un 80% del cost, i la bestreta arribaria el mes de juliol. La n\u00f2mina del mes de juny l\u2019haur\u00e0 d\u2019anticipar l\u2019AFA. El problema \u00e9s com s\u2019assumeix el 20% restant, perqu\u00e8 a ra\u00f3 d\u2019uns 4m\u20ac\/any, \u00e9s insostenible ja que amb les festes i rifes d\u2019inclusi\u00f3 no s\u2019hi arriba. El m\u00e9s ideal seria que el Casal s\u2019autogestion\u00e9s, i el 20% no depengu\u00e9s dels comptes de l\u2019AFA.<\/p>\n<p>S\u2019analitza qu\u00e8 suposaria incrementar les quotes entre 2-3\u20ac\/setmana pels infants de l\u2019escola, i 10\u20ac\/setmana pels nens de fora. Aquests diners podrien retornar a l\u2019AFA per compensar el 20% dels salaris del vetlladors, aix\u00ed com parlar amb Diverjoc per recuperar el marge addicional que obt\u00e9 de les quotes dels nens amb vetlladors doncs el salari el paga l\u2019Ajuntament i l\u2019Escola.<\/p>\n<p>Tothom est\u00e0 d\u2019acord en que el Casal Inclusiu ha de ser una realitat. Si la subvenci\u00f3 de 2024 arriba abans de l\u2019estiu no hi haur\u00e0 problema, si no arriba s\u2019haur\u00e0 de tornar a parlar.<\/p>\n<h4>Torn obert de paraula<\/h4>\n<p>Es pregunta qu\u00e8 es fa amb els excedents del menjador. La vocal ho preguntar\u00e0 a la Susana.<\/p>\n<p>Es necessita relleu per a la vocalia de Gegants i per al Delegat de delegats.<\/p>\n","protected":false},"excerpt":{"rendered":"<p>Proposta de casal d\u2019estiu S\u2019ha aconseguit estabilitzar el director del casal i els monitors amb una millora salarial. El casal comptar\u00e0 amb dos directors: un d\u2019infantil i un de prim\u00e0ria. Es faran algunes sortides separades entre infantil i prim\u00e0ria. Tamb\u00e9&#8230;<\/p>\n","protected":false},"author":16,"featured_media":10230,"comment_status":"open","ping_status":"closed","sticky":false,"template":"","format":"standard","meta":{"footnotes":""},"categories":[96],"tags":[],"class_list":["post-10345","post","type-post","status-publish","format-standard","has-post-thumbnail","hentry","category-resum-juntes"],"post_mailing_queue_ids":[],"_links":{"self":[{"href":"https:\/\/www.afaprogres.cat\/web\/wp-json\/wp\/v2\/posts\/10345","targetHints":{"allow":["GET"]}}],"collection":[{"href":"https:\/\/www.afaprogres.cat\/web\/wp-json\/wp\/v2\/posts"}],"about":[{"href":"https:\/\/www.afaprogres.cat\/web\/wp-json\/wp\/v2\/types\/post"}],"author":[{"embeddable":true,"href":"https:\/\/www.afaprogres.cat\/web\/wp-json\/wp\/v2\/users\/16"}],"replies":[{"embeddable":true,"href":"https:\/\/www.afaprogres.cat\/web\/wp-json\/wp\/v2\/comments?post=10345"}],"version-history":[{"count":2,"href":"https:\/\/www.afaprogres.cat\/web\/wp-json\/wp\/v2\/posts\/10345\/revisions"}],"predecessor-version":[{"id":10347,"href":"https:\/\/www.afaprogres.cat\/web\/wp-json\/wp\/v2\/posts\/10345\/revisions\/10347"}],"wp:featuredmedia":[{"embeddable":true,"href":"https:\/\/www.afaprogres.cat\/web\/wp-json\/wp\/v2\/media\/10230"}],"wp:attachment":[{"href":"https:\/\/www.afaprogres.cat\/web\/wp-json\/wp\/v2\/media?parent=10345"}],"wp:term":[{"taxonomy":"category","embeddable":true,"href":"https:\/\/www.afaprogres.cat\/web\/wp-json\/wp\/v2\/categories?post=10345"},{"taxonomy":"post_tag","embeddable":true,"href":"https:\/\/www.afaprogres.cat\/web\/wp-json\/wp\/v2\/tags?post=10345"}],"curies":[{"name":"wp","href":"https:\/\/api.w.org\/{rel}","templated":true}]}}