{"id":10226,"date":"2024-10-18T10:03:55","date_gmt":"2024-10-18T08:03:55","guid":{"rendered":"https:\/\/www.afaprogres.cat\/web\/?p=10226"},"modified":"2024-10-18T12:24:33","modified_gmt":"2024-10-18T10:24:33","slug":"resum-de-la-reunio-de-la-junta-de-lafa-11-10-24","status":"publish","type":"post","link":"https:\/\/www.afaprogres.cat\/web\/resum-de-la-reunio-de-la-junta-de-lafa-11-10-24\/","title":{"rendered":"Resum de la reuni\u00f3 de la Junta de l&#8217;AFA (11\/10\/24)"},"content":{"rendered":"<p><strong>Canvi de logotip<\/strong><\/p>\n<p><span style=\"font-weight: 400;\">Es vol canviar el logotip de l\u2019AFA. Una mare explica que t\u00e9 un familiar que s\u2019hi dedica i que s\u2019hi posar\u00e0 a treballar per oferir propostes i votar-les a la propera assemblea.<\/span><\/p>\n<p><strong>Xarxes socials<\/strong><\/p>\n<p><span style=\"font-weight: 400;\">Es vol treure m\u00e9s profit de les xarxes socials. Aprofitant que hi ha m\u00e9s fam\u00edlies que volen dedicar-hi temps, s\u2019intentar\u00e0 impulsar-la.<\/span><\/p>\n<p><strong>Normativa i d\u2019extraescolars<\/strong><\/p>\n<p><span style=\"font-weight: 400;\">Es vol actualitzar la normativa de gesti\u00f3 de conflictes en horari extraescolar ja que actualment no n\u2019hi ha. La comissi\u00f3 preparar\u00e0 un esborrany de protocol per debatre\u2019l.<\/span><\/p>\n<p><strong>Reuni\u00f3 amb la Direcci\u00f3 de l\u2019escola<\/strong><\/p>\n<p><span style=\"font-weight: 400;\">S\u2019explica la reuni\u00f3 que hi va haver.\u00a0 A destacar:<\/span><\/p>\n<ul>\n<li style=\"font-weight: 400;\" aria-level=\"1\"><span style=\"font-weight: 400;\">Les empreses externes hauran d\u2019assumir una part de les despeses que generen, per exemple, el paper de v\u00e0ter o el sab\u00f3.\u00a0<\/span><\/li>\n<li style=\"font-weight: 400;\" aria-level=\"1\"><span style=\"font-weight: 400;\">S\u2019haur\u00e0 d\u2019habilitar un espai per emmagatzemar material.<\/span><\/li>\n<li style=\"font-weight: 400;\" aria-level=\"1\"><span style=\"font-weight: 400;\">S\u2019han de signar uns convenis amb l\u2019escola per saber qu\u00e8 es pot i i qu\u00e8 no es pot fer a les festes.<\/span><\/li>\n<li style=\"font-weight: 400;\" aria-level=\"1\"><span style=\"font-weight: 400;\">S\u2019haur\u00e0 de demanar perm\u00eds per a les festes a la Policia Local per evitar problemes amb els ve\u00efns. Tamb\u00e9 s\u2019haurien de controlar les entrades i sortides.<\/span><\/li>\n<\/ul>\n<p>&nbsp;<br \/>\n<strong>T\u00fanel del terror<\/strong><\/p>\n<p><span style=\"font-weight: 400;\">Es planteja la problem\u00e0tica amb les cues al t\u00fanel del terror de l\u2019any passat i es proposen torns per evitar-ho.<\/span><\/p>\n<p><strong>Nova data de reuni\u00f3<\/strong><\/p>\n<p><span style=\"font-weight: 400;\">Es fixa la nova data de reuni\u00f3: 15 de novembre a les 16:45h<\/span><\/p>\n<p><strong>Assegurances<\/strong><\/p>\n<p><span style=\"font-weight: 400;\">Es vol canviar l\u2019asseguran\u00e7a perqu\u00e8, a les celebracions, l\u2019actual nom\u00e9s cobreix els infants. Es mantindr\u00e0, per\u00f2, l\u2019asseguran\u00e7a de risc civil.\u00a0<\/span><\/p>\n<p><span style=\"font-weight: 400;\">A banda, es proposa contractar una asseguran\u00e7a per cobrir les fam\u00edlies acompanyants a les sortides escolars ja que l&#8217;escola no pot assumir aquesta despesa. El fet de no disposar d\u2019aquesta asseguran\u00e7a implicaria replantejar les sortides de tot el curs. T\u00e9 un cost de 40\u20ac\/anual i tothom hi va votar a favor.\u00a0<\/span><\/p>\n<p><strong>Resum del Consell Escolar<\/strong><\/p>\n","protected":false},"excerpt":{"rendered":"<p>Canvi de logotip Es vol canviar el logotip de l\u2019AFA. Una mare explica que t\u00e9 un familiar que s\u2019hi dedica i que s\u2019hi posar\u00e0 a treballar per oferir propostes i votar-les a la propera assemblea. Xarxes socials Es vol treure&#8230;<\/p>\n","protected":false},"author":9,"featured_media":10230,"comment_status":"open","ping_status":"closed","sticky":false,"template":"","format":"standard","meta":{"footnotes":""},"categories":[96],"tags":[],"class_list":["post-10226","post","type-post","status-publish","format-standard","has-post-thumbnail","hentry","category-resum-juntes"],"post_mailing_queue_ids":[],"_links":{"self":[{"href":"https:\/\/www.afaprogres.cat\/web\/wp-json\/wp\/v2\/posts\/10226","targetHints":{"allow":["GET"]}}],"collection":[{"href":"https:\/\/www.afaprogres.cat\/web\/wp-json\/wp\/v2\/posts"}],"about":[{"href":"https:\/\/www.afaprogres.cat\/web\/wp-json\/wp\/v2\/types\/post"}],"author":[{"embeddable":true,"href":"https:\/\/www.afaprogres.cat\/web\/wp-json\/wp\/v2\/users\/9"}],"replies":[{"embeddable":true,"href":"https:\/\/www.afaprogres.cat\/web\/wp-json\/wp\/v2\/comments?post=10226"}],"version-history":[{"count":10,"href":"https:\/\/www.afaprogres.cat\/web\/wp-json\/wp\/v2\/posts\/10226\/revisions"}],"predecessor-version":[{"id":10239,"href":"https:\/\/www.afaprogres.cat\/web\/wp-json\/wp\/v2\/posts\/10226\/revisions\/10239"}],"wp:featuredmedia":[{"embeddable":true,"href":"https:\/\/www.afaprogres.cat\/web\/wp-json\/wp\/v2\/media\/10230"}],"wp:attachment":[{"href":"https:\/\/www.afaprogres.cat\/web\/wp-json\/wp\/v2\/media?parent=10226"}],"wp:term":[{"taxonomy":"category","embeddable":true,"href":"https:\/\/www.afaprogres.cat\/web\/wp-json\/wp\/v2\/categories?post=10226"},{"taxonomy":"post_tag","embeddable":true,"href":"https:\/\/www.afaprogres.cat\/web\/wp-json\/wp\/v2\/tags?post=10226"}],"curies":[{"name":"wp","href":"https:\/\/api.w.org\/{rel}","templated":true}]}}