{"id":1018,"date":"2012-02-05T00:19:08","date_gmt":"2012-02-05T00:19:08","guid":{"rendered":"http:\/\/ampaprogres.topcommerce.es\/?p=1018"},"modified":"2013-04-29T17:06:14","modified_gmt":"2013-04-29T17:06:14","slug":"festa-medieval-de-badalona","status":"publish","type":"post","link":"https:\/\/www.afaprogres.cat\/web\/festa-medieval-de-badalona\/","title":{"rendered":"FESTA MEDIEVAL DE BADALONA"},"content":{"rendered":"<p>Els dies 13, 14 i 15 del proper mes d&#8217;abril es celebrar\u00e0 a Can Canyad\u00f3, la Festa Medieval de Badalona.<\/p>\n<p>Us adjuntem uns v\u00eddeos de com va ser l\u2019any passat el desembarcament pirata i posterior rua cap la Masia de Can Canyad\u00f3 del dissabte al mati.<\/p>\n<p><iframe loading=\"lazy\" src=\"http:\/\/www.youtube.com\/embed\/x2cWb9zHaxY\" height=\"315\" width=\"420\" allowfullscreen=\"\" frameborder=\"0\"><\/iframe><\/p>\n<p><iframe loading=\"lazy\" src=\"http:\/\/www.youtube.com\/embed\/hQ9vO7oKy0Y\" height=\"315\" width=\"560\" allowfullscreen=\"\" frameborder=\"0\"><\/iframe><\/p>\n<p>A la rua podeu anar disfressats de pirates, camperols , pescadors , pagesos etc..i portarem els dracs,\u00a0capgrossos\u00a0i gegants de l&#8217;escola.<\/p>\n<p>Pr\u00e8viament es faran diversos tallers i reunions per preparar la festa, no dubteu en posar-vos en contacte amb l\u2019AMPA si hi voleu participar.<\/p>\n<p><strong>Danses medievals<\/strong>\u00a0: Per\u00a0aprendre les danses es far\u00e0 cada dimecres classes de 20:00 a 21:00 .<\/p>\n<p><strong>Taller de teatre<\/strong>: Cada dissabte a les 17 hores<\/p>\n<p><strong>Taller d&#8217;esgrima<\/strong>\u00a0: a proposta es de l\u2019Associaci\u00f3 d\u2019Esgrima.<\/p>\n<p><strong>Reunions tem\u00e0tiques<\/strong>: Tots\u00a0els\u00a0temes de participaci\u00f3 a la festa s&#8217;aniran concretant en les reunions tem\u00e0tiques. Les primeres reunions es faran amb el director art\u00edstic per tal de comen\u00e7ar ja a coordinar-nos entre nosaltres per seguir el gui\u00f3 de la festa.<\/p>\n","protected":false},"excerpt":{"rendered":"<p>Els dies 13, 14 i 15 del proper mes d&#8217;abril es celebrar\u00e0 a Can Canyad\u00f3, la Festa Medieval de Badalona. Us adjuntem uns v\u00eddeos de com va ser l\u2019any passat el desembarcament pirata i posterior rua cap la Masia de&#8230;<\/p>\n","protected":false},"author":9,"featured_media":1020,"comment_status":"open","ping_status":"closed","sticky":false,"template":"","format":"standard","meta":{"footnotes":""},"categories":[12],"tags":[],"class_list":["post-1018","post","type-post","status-publish","format-standard","has-post-thumbnail","hentry","category-festes"],"post_mailing_queue_ids":[],"_links":{"self":[{"href":"https:\/\/www.afaprogres.cat\/web\/wp-json\/wp\/v2\/posts\/1018","targetHints":{"allow":["GET"]}}],"collection":[{"href":"https:\/\/www.afaprogres.cat\/web\/wp-json\/wp\/v2\/posts"}],"about":[{"href":"https:\/\/www.afaprogres.cat\/web\/wp-json\/wp\/v2\/types\/post"}],"author":[{"embeddable":true,"href":"https:\/\/www.afaprogres.cat\/web\/wp-json\/wp\/v2\/users\/9"}],"replies":[{"embeddable":true,"href":"https:\/\/www.afaprogres.cat\/web\/wp-json\/wp\/v2\/comments?post=1018"}],"version-history":[{"count":3,"href":"https:\/\/www.afaprogres.cat\/web\/wp-json\/wp\/v2\/posts\/1018\/revisions"}],"predecessor-version":[{"id":1022,"href":"https:\/\/www.afaprogres.cat\/web\/wp-json\/wp\/v2\/posts\/1018\/revisions\/1022"}],"wp:featuredmedia":[{"embeddable":true,"href":"https:\/\/www.afaprogres.cat\/web\/wp-json\/wp\/v2\/media\/1020"}],"wp:attachment":[{"href":"https:\/\/www.afaprogres.cat\/web\/wp-json\/wp\/v2\/media?parent=1018"}],"wp:term":[{"taxonomy":"category","embeddable":true,"href":"https:\/\/www.afaprogres.cat\/web\/wp-json\/wp\/v2\/categories?post=1018"},{"taxonomy":"post_tag","embeddable":true,"href":"https:\/\/www.afaprogres.cat\/web\/wp-json\/wp\/v2\/tags?post=1018"}],"curies":[{"name":"wp","href":"https:\/\/api.w.org\/{rel}","templated":true}]}}