{"id":10112,"date":"2024-04-05T09:37:39","date_gmt":"2024-04-05T07:37:39","guid":{"rendered":"https:\/\/www.afaprogres.cat\/web\/?p=10112"},"modified":"2024-12-21T20:08:30","modified_gmt":"2024-12-21T19:08:30","slug":"casal-destiu-2024","status":"publish","type":"post","link":"https:\/\/www.afaprogres.cat\/web\/casal-destiu-2024\/","title":{"rendered":"Casal d&#8217;estiu 2024"},"content":{"rendered":"<p>Ja tenim llest el s\u00faper dossier informatiu sobre el casal d&#8217;estiu d&#8217;enguany, que organitza Diverjoc.<\/p>\n<p>Us avancem tamb\u00e9 que la reuni\u00f3 informativa ser\u00e0 el proper divendres 26 a les 17:00 a la sala polivalent del primer pis (antiga biblioteca). Si us cal, Diverjoc ha previst un servei de canguratge, del que podeu fer \u00fas durant la sessi\u00f3.<\/p>\n<p>Us hi esperem!<\/p>\n<p><a href=\"https:\/\/www.afaprogres.cat\/web\/wp-content\/uploads\/Document-Diverjoc-Casal-dEstiu24-progres.pdf\" target=\"_blank\" rel=\"noopener\">Descarrega&#8217;t el dossier aqu\u00ed<\/a><\/p>\n<p>Vocalia de Casals<\/p>\n","protected":false},"excerpt":{"rendered":"<p>Ja tenim llest el s\u00faper dossier informatiu sobre el casal d&#8217;estiu d&#8217;enguany, que organitza Diverjoc. Us avancem tamb\u00e9 que la reuni\u00f3 informativa ser\u00e0 el proper divendres 26 a les 17:00 a la sala polivalent del primer pis (antiga biblioteca). Si&#8230;<\/p>\n","protected":false},"author":9,"featured_media":10256,"comment_status":"open","ping_status":"closed","sticky":false,"template":"","format":"standard","meta":{"footnotes":""},"categories":[111,13],"tags":[],"class_list":["post-10112","post","type-post","status-publish","format-standard","has-post-thumbnail","hentry","category-casals","category-noticies"],"post_mailing_queue_ids":[],"_links":{"self":[{"href":"https:\/\/www.afaprogres.cat\/web\/wp-json\/wp\/v2\/posts\/10112","targetHints":{"allow":["GET"]}}],"collection":[{"href":"https:\/\/www.afaprogres.cat\/web\/wp-json\/wp\/v2\/posts"}],"about":[{"href":"https:\/\/www.afaprogres.cat\/web\/wp-json\/wp\/v2\/types\/post"}],"author":[{"embeddable":true,"href":"https:\/\/www.afaprogres.cat\/web\/wp-json\/wp\/v2\/users\/9"}],"replies":[{"embeddable":true,"href":"https:\/\/www.afaprogres.cat\/web\/wp-json\/wp\/v2\/comments?post=10112"}],"version-history":[{"count":2,"href":"https:\/\/www.afaprogres.cat\/web\/wp-json\/wp\/v2\/posts\/10112\/revisions"}],"predecessor-version":[{"id":10116,"href":"https:\/\/www.afaprogres.cat\/web\/wp-json\/wp\/v2\/posts\/10112\/revisions\/10116"}],"wp:featuredmedia":[{"embeddable":true,"href":"https:\/\/www.afaprogres.cat\/web\/wp-json\/wp\/v2\/media\/10256"}],"wp:attachment":[{"href":"https:\/\/www.afaprogres.cat\/web\/wp-json\/wp\/v2\/media?parent=10112"}],"wp:term":[{"taxonomy":"category","embeddable":true,"href":"https:\/\/www.afaprogres.cat\/web\/wp-json\/wp\/v2\/categories?post=10112"},{"taxonomy":"post_tag","embeddable":true,"href":"https:\/\/www.afaprogres.cat\/web\/wp-json\/wp\/v2\/tags?post=10112"}],"curies":[{"name":"wp","href":"https:\/\/api.w.org\/{rel}","templated":true}]}}