{"id":10102,"date":"2023-11-27T18:35:11","date_gmt":"2023-11-27T17:35:11","guid":{"rendered":"https:\/\/www.afaprogres.cat\/web\/?p=10102"},"modified":"2023-11-27T18:39:32","modified_gmt":"2023-11-27T17:39:32","slug":"manifestacio-per-una-educacio-inclusiva","status":"publish","type":"post","link":"https:\/\/www.afaprogres.cat\/web\/manifestacio-per-una-educacio-inclusiva\/","title":{"rendered":"Manifestaci\u00f3 per una Educaci\u00f3 Inclusiva"},"content":{"rendered":"<p><img loading=\"lazy\" decoding=\"async\" class=\"alignnone wp-image-10103 size-large\" src=\"https:\/\/www.afaprogres.cat\/web\/wp-content\/uploads\/manifestacio-723x1024.jpg\" alt=\"\" width=\"723\" height=\"1024\" srcset=\"https:\/\/www.afaprogres.cat\/web\/wp-content\/uploads\/manifestacio-723x1024.jpg 723w, https:\/\/www.afaprogres.cat\/web\/wp-content\/uploads\/manifestacio-212x300.jpg 212w, https:\/\/www.afaprogres.cat\/web\/wp-content\/uploads\/manifestacio-768x1087.jpg 768w, https:\/\/www.afaprogres.cat\/web\/wp-content\/uploads\/manifestacio.jpg 904w\" sizes=\"auto, (max-width: 723px) 100vw, 723px\" \/><\/p>\n<p>Benvolgudes fam\u00edlies:<\/p>\n<p>Des de la Vocalia de Fam\u00edlies i Inclusi\u00f3 us fem part\u00edceps de la Convocat\u00f2ria de Manifestaci\u00f3 per una Educaci\u00f3 Inclusiva.<\/p>\n<p>Amb aquesta iniciativa es volen millorar els recursos assistencials i la qualitat de l&#8217;educaci\u00f3 per a aquelles fam\u00edlies que tenen infants amb necessitats educatives especials.<\/p>\n<p>Us animem a participar!<\/p>\n<p>Vocalia de Fam\u00edlies i Inclusi\u00f3<\/p>\n<p>&nbsp;<\/p>\n<div style=\"width: 848px;\" class=\"wp-video\"><video class=\"wp-video-shortcode\" id=\"video-10102-1\" width=\"848\" height=\"480\" preload=\"metadata\" controls=\"controls\"><source type=\"video\/mp4\" src=\"https:\/\/www.afaprogres.cat\/web\/wp-content\/uploads\/video-inclusio.mp4?_=1\" \/><a href=\"https:\/\/www.afaprogres.cat\/web\/wp-content\/uploads\/video-inclusio.mp4\">https:\/\/www.afaprogres.cat\/web\/wp-content\/uploads\/video-inclusio.mp4<\/a><\/video><\/div>\n<p>&nbsp;<\/p>\n","protected":false},"excerpt":{"rendered":"<p>Benvolgudes fam\u00edlies: Des de la Vocalia de Fam\u00edlies i Inclusi\u00f3 us fem part\u00edceps de la Convocat\u00f2ria de Manifestaci\u00f3 per una Educaci\u00f3 Inclusiva. Amb aquesta iniciativa es volen millorar els recursos assistencials i la qualitat de l&#8217;educaci\u00f3 per a aquelles fam\u00edlies&#8230;<\/p>\n","protected":false},"author":9,"featured_media":10103,"comment_status":"open","ping_status":"closed","sticky":false,"template":"","format":"standard","meta":{"footnotes":""},"categories":[4,6,132,13],"tags":[],"class_list":["post-10102","post","type-post","status-publish","format-standard","has-post-thumbnail","hentry","category-afa","category-families","category-inclusio","category-noticies"],"post_mailing_queue_ids":[],"_links":{"self":[{"href":"https:\/\/www.afaprogres.cat\/web\/wp-json\/wp\/v2\/posts\/10102","targetHints":{"allow":["GET"]}}],"collection":[{"href":"https:\/\/www.afaprogres.cat\/web\/wp-json\/wp\/v2\/posts"}],"about":[{"href":"https:\/\/www.afaprogres.cat\/web\/wp-json\/wp\/v2\/types\/post"}],"author":[{"embeddable":true,"href":"https:\/\/www.afaprogres.cat\/web\/wp-json\/wp\/v2\/users\/9"}],"replies":[{"embeddable":true,"href":"https:\/\/www.afaprogres.cat\/web\/wp-json\/wp\/v2\/comments?post=10102"}],"version-history":[{"count":5,"href":"https:\/\/www.afaprogres.cat\/web\/wp-json\/wp\/v2\/posts\/10102\/revisions"}],"predecessor-version":[{"id":10109,"href":"https:\/\/www.afaprogres.cat\/web\/wp-json\/wp\/v2\/posts\/10102\/revisions\/10109"}],"wp:featuredmedia":[{"embeddable":true,"href":"https:\/\/www.afaprogres.cat\/web\/wp-json\/wp\/v2\/media\/10103"}],"wp:attachment":[{"href":"https:\/\/www.afaprogres.cat\/web\/wp-json\/wp\/v2\/media?parent=10102"}],"wp:term":[{"taxonomy":"category","embeddable":true,"href":"https:\/\/www.afaprogres.cat\/web\/wp-json\/wp\/v2\/categories?post=10102"},{"taxonomy":"post_tag","embeddable":true,"href":"https:\/\/www.afaprogres.cat\/web\/wp-json\/wp\/v2\/tags?post=10102"}],"curies":[{"name":"wp","href":"https:\/\/api.w.org\/{rel}","templated":true}]}}