{"id":10081,"date":"2023-11-20T09:34:33","date_gmt":"2023-11-20T08:34:33","guid":{"rendered":"https:\/\/www.afaprogres.cat\/web\/?p=10081"},"modified":"2023-11-20T09:38:32","modified_gmt":"2023-11-20T08:38:32","slug":"recordatori-assemblea-general-ordinaria-de-lafa-el-dia-24-de-novembre","status":"publish","type":"post","link":"https:\/\/www.afaprogres.cat\/web\/recordatori-assemblea-general-ordinaria-de-lafa-el-dia-24-de-novembre\/","title":{"rendered":"Recordatori: Assemblea general ordin\u00e0ria de l&#8217;AFA el dia 24 de novembre"},"content":{"rendered":"<p><span style=\"font-size: 10.0pt; font-family: 'Arial',sans-serif;\">Benvolgudes fam\u00edlies,<\/span><\/p>\n<p><span style=\"font-size: 10.0pt; font-family: 'Arial',sans-serif;\">Us recordem que divendres, dia 24 de novembre, a les 16.45 h celebrarem l&#8217;Assemblea general ordin\u00e0ria de l&#8217;AFA a la sala de mestres de l&#8217;escola. En aquesta assemblea presentarem i aprovarem, si s&#8217;escau, la <a href=\"https:\/\/www.afaprogres.cat\/web\/wp-content\/uploads\/AFA-Progres_memoria-22-23.pdf\" target=\"_blank\" rel=\"noopener\">mem\u00f2ria del curs anterior<\/a>, presentarem i aprovarem, si s&#8217;escau, <a href=\"https:\/\/www.afaprogres.cat\/web\/wp-content\/uploads\/pressupost_AFA_2023_24.pdf\" target=\"_blank\" rel=\"noopener\">el pressupost d&#8217;aquest curs<\/a> i tamb\u00e9 ratificarem amb una votaci\u00f3 els relleus a les vocalies de Comunicaci\u00f3 i Festes que es van produir el juny passat.<\/span><\/p>\n<p><span style=\"font-size: 10.0pt; font-family: 'Arial',sans-serif;\">Per tal que pugueu con\u00e8ixer tot el que fa l&#8217;AFA i tot el que farem aquest curs i a qu\u00e8 destinarem els recursos dels quals disposem, us adjuntem la Mem\u00f2ria del curs 2022-203, que recull totes les activitats dutes a terme com a AFA, i el pressupost per al curs 2023-2024.<\/span><\/p>\n<p><span style=\"font-size: 10.0pt; font-family: 'Arial',sans-serif;\">Recordeu que a l&#8217;assemblea tots els socis tenen veu i vot, per tant, \u00e9s important la vostra assist\u00e8ncia. Recordeu que l&#8217;AFA som tots, no \u00e9s nom\u00e9s la Junta que fa coses. Si la sala de mestres es queda petita per la gran assist\u00e8ncia a l&#8217;assemblea, ens traslladarem a una altra sala m\u00e9s gran. Est\u00e0 tot previst.<\/span><\/p>\n<p><span style=\"font-size: 10.0pt; font-family: 'Arial',sans-serif;\">Us esperem a l&#8217;assemblea.<\/span><\/p>\n<p><span style=\"font-size: 10.0pt; font-family: 'Arial',sans-serif;\">AFA Progr\u00e9s<\/span><\/p>\n<p><a href=\"https:\/\/www.afaprogres.cat\/web\/wp-content\/uploads\/AFA-Progres_memoria-22-23.pdf\" target=\"_blank\" rel=\"noopener\">PDF &#8211; Mem\u00f2ria del curs anterior<\/a> |\u00a0<a href=\"https:\/\/www.afaprogres.cat\/web\/wp-content\/uploads\/pressupost_AFA_2023_24.pdf\" target=\"_blank\" rel=\"noopener\">PDF &#8211; Pressupost AFA 2023-24<\/a><\/p>\n","protected":false},"excerpt":{"rendered":"<p>Benvolgudes fam\u00edlies, Us recordem que divendres, dia 24 de novembre, a les 16.45 h celebrarem l&#8217;Assemblea general ordin\u00e0ria de l&#8217;AFA a la sala de mestres de l&#8217;escola. En aquesta assemblea presentarem i aprovarem, si s&#8217;escau, la mem\u00f2ria del curs anterior,&#8230;<\/p>\n","protected":false},"author":9,"featured_media":9494,"comment_status":"open","ping_status":"closed","sticky":false,"template":"","format":"standard","meta":{"footnotes":""},"categories":[4,13],"tags":[],"class_list":["post-10081","post","type-post","status-publish","format-standard","has-post-thumbnail","hentry","category-afa","category-noticies"],"post_mailing_queue_ids":[],"_links":{"self":[{"href":"https:\/\/www.afaprogres.cat\/web\/wp-json\/wp\/v2\/posts\/10081","targetHints":{"allow":["GET"]}}],"collection":[{"href":"https:\/\/www.afaprogres.cat\/web\/wp-json\/wp\/v2\/posts"}],"about":[{"href":"https:\/\/www.afaprogres.cat\/web\/wp-json\/wp\/v2\/types\/post"}],"author":[{"embeddable":true,"href":"https:\/\/www.afaprogres.cat\/web\/wp-json\/wp\/v2\/users\/9"}],"replies":[{"embeddable":true,"href":"https:\/\/www.afaprogres.cat\/web\/wp-json\/wp\/v2\/comments?post=10081"}],"version-history":[{"count":5,"href":"https:\/\/www.afaprogres.cat\/web\/wp-json\/wp\/v2\/posts\/10081\/revisions"}],"predecessor-version":[{"id":10090,"href":"https:\/\/www.afaprogres.cat\/web\/wp-json\/wp\/v2\/posts\/10081\/revisions\/10090"}],"wp:featuredmedia":[{"embeddable":true,"href":"https:\/\/www.afaprogres.cat\/web\/wp-json\/wp\/v2\/media\/9494"}],"wp:attachment":[{"href":"https:\/\/www.afaprogres.cat\/web\/wp-json\/wp\/v2\/media?parent=10081"}],"wp:term":[{"taxonomy":"category","embeddable":true,"href":"https:\/\/www.afaprogres.cat\/web\/wp-json\/wp\/v2\/categories?post=10081"},{"taxonomy":"post_tag","embeddable":true,"href":"https:\/\/www.afaprogres.cat\/web\/wp-json\/wp\/v2\/tags?post=10081"}],"curies":[{"name":"wp","href":"https:\/\/api.w.org\/{rel}","templated":true}]}}