{"id":10005,"date":"2023-06-14T13:14:59","date_gmt":"2023-06-14T11:14:59","guid":{"rendered":"https:\/\/www.afaprogres.cat\/web\/?p=10005"},"modified":"2023-06-14T13:14:59","modified_gmt":"2023-06-14T11:14:59","slug":"el-22-de-juny-es-la-gran-festa-de-fi-de-curs","status":"publish","type":"post","link":"https:\/\/www.afaprogres.cat\/web\/el-22-de-juny-es-la-gran-festa-de-fi-de-curs\/","title":{"rendered":"El 22 de juny \u00e9s la gran festa de fi de curs!"},"content":{"rendered":"<p>Preparats, llestos&#8230; ja!! Ja ho tenim tot a punt per a la gran festa de fi de curs, el dia 22. L&#8217;\u00faltima gran cita de l&#8217;any comen\u00e7ar\u00e0 partir de les 17 h i est\u00e0 dedicada al m\u00f3n de l&#8217;esport.<\/p>\n<p>No hi falteu! Hi haur\u00e0 jocs tradicionals de fusta gegants i l&#8217;espectacle d&#8217;animaci\u00f3 infantil Set de so&#8217;, que ser\u00e0 molt sonat i participatiu (i amb sorpresa final!).<\/p>\n<p>A m\u00e9s, els nens i nenes de 5\u00e8 muntaran diferents estacions esportives (tallers ambientats en l&#8217;esport) i tallers de pentinats, xapes, henna, pinta bosses&#8230; Les fam\u00edlies de 5\u00e8, que comencen a recaptar diners per al comiat del seus fills l&#8217;any que ve, oferiran berenars bon\u00edssims i begudes fresquetes al bar, i, atenci\u00f3!, hi haur\u00e0 un mercat de peces esportives!<\/p>\n<p>Us hi esperem! Veniu-hi amb moltes ganes de passar-ho b\u00e9 i vestits de tem\u00e0tica esportiva!<\/p>\n","protected":false},"excerpt":{"rendered":"<p>Preparats, llestos&#8230; ja!! Ja ho tenim tot a punt per a la gran festa de fi de curs, el dia 22. L&#8217;\u00faltima gran cita de l&#8217;any comen\u00e7ar\u00e0 partir de les 17 h i est\u00e0 dedicada al m\u00f3n de l&#8217;esport. No&#8230;<\/p>\n","protected":false},"author":9,"featured_media":10006,"comment_status":"open","ping_status":"closed","sticky":false,"template":"","format":"standard","meta":{"footnotes":""},"categories":[12,13],"tags":[],"class_list":["post-10005","post","type-post","status-publish","format-standard","has-post-thumbnail","hentry","category-festes","category-noticies"],"post_mailing_queue_ids":[],"_links":{"self":[{"href":"https:\/\/www.afaprogres.cat\/web\/wp-json\/wp\/v2\/posts\/10005","targetHints":{"allow":["GET"]}}],"collection":[{"href":"https:\/\/www.afaprogres.cat\/web\/wp-json\/wp\/v2\/posts"}],"about":[{"href":"https:\/\/www.afaprogres.cat\/web\/wp-json\/wp\/v2\/types\/post"}],"author":[{"embeddable":true,"href":"https:\/\/www.afaprogres.cat\/web\/wp-json\/wp\/v2\/users\/9"}],"replies":[{"embeddable":true,"href":"https:\/\/www.afaprogres.cat\/web\/wp-json\/wp\/v2\/comments?post=10005"}],"version-history":[{"count":1,"href":"https:\/\/www.afaprogres.cat\/web\/wp-json\/wp\/v2\/posts\/10005\/revisions"}],"predecessor-version":[{"id":10007,"href":"https:\/\/www.afaprogres.cat\/web\/wp-json\/wp\/v2\/posts\/10005\/revisions\/10007"}],"wp:featuredmedia":[{"embeddable":true,"href":"https:\/\/www.afaprogres.cat\/web\/wp-json\/wp\/v2\/media\/10006"}],"wp:attachment":[{"href":"https:\/\/www.afaprogres.cat\/web\/wp-json\/wp\/v2\/media?parent=10005"}],"wp:term":[{"taxonomy":"category","embeddable":true,"href":"https:\/\/www.afaprogres.cat\/web\/wp-json\/wp\/v2\/categories?post=10005"},{"taxonomy":"post_tag","embeddable":true,"href":"https:\/\/www.afaprogres.cat\/web\/wp-json\/wp\/v2\/tags?post=10005"}],"curies":[{"name":"wp","href":"https:\/\/api.w.org\/{rel}","templated":true}]}}